{"id":16852,"date":"2013-11-20T14:13:21","date_gmt":"2013-11-20T19:13:21","guid":{"rendered":"http:\/\/www.ambiente.gob.ec\/?p=16852"},"modified":"2013-11-20T14:13:21","modified_gmt":"2013-11-20T19:13:21","slug":"autoridades-del-mae-acompanaron-al-presidente-correa-en-recorrido-por-el-estero-salado","status":"publish","type":"post","link":"https:\/\/www.ambienteyenergia.gob.ec\/ambiente\/autoridades-del-mae-acompanaron-al-presidente-correa-en-recorrido-por-el-estero-salado\/","title":{"rendered":"Autoridades del MAE acompa\u00f1aron al Presidente Correa en recorrido por el Estero Salado"},"content":{"rendered":"<p style=\"text-align: justify;\">Ayer, la Viceministra del Ambiente, M\u00f3nica Hidalgo y Daisy C\u00e1rdenas, Subsecretaria de Gesti\u00f3n Marina y Costera del MAE, acompa\u00f1aron al Presidente de la Rep\u00fablica, Rafael Correa, en un recorrido por el Estero Salado en la zona de la Isla Trinitaria, para constatar los resultados de la recuperaci\u00f3n, que beneficia a los pobladores de las cooperativas Naciones Unidas, Vencer o Morir, Independencia 12, Nueva Ciudad, Malvinas y Esmeraldas Chiquita.<\/p>\n<p style=\"text-align: justify;\">Durante su visita a la urbe, el Jefe de Estado asegur\u00f3 que obras como \u00e9stas combaten la inseguridad, pues el desorden y los malos olores tambi\u00e9n generan violencia. Asimismo, enfatiz\u00f3 en la importancia de recuperar ese brazo de mar y hacer tur\u00edsticas estas zonas de Guayaquil, que durante a\u00f1os ha sido la ciudad con menos espacios verdes.<\/p>\n<p style=\"text-align: justify;\">El Ministerio del Ambiente (MAE), a trav\u00e9s de la Subsecretar\u00eda de Gesti\u00f3n Marina y Costera, y en coordinaci\u00f3n con otras entidades estatales como los Ministerios del Inclusi\u00f3n Econ\u00f3mica y Social, y de Salud P\u00fablica; la Gobernaci\u00f3n del Guayas y la Direcci\u00f3n de los Espacios Acu\u00e1ticos, ejecuta el Proyecto Gubernamental \u201cGeneraci\u00f3n y Restauraci\u00f3n de \u00c1reas Verdes para la ciudad de Guayaquil-Guayaquil Ecol\u00f3gico\u201d con su componente \u201cRecuperaci\u00f3n Ecol\u00f3gica del Estero Salado\u201d.<\/p>\n<p style=\"text-align: justify;\">Con el desarrollo del proyecto se espera recuperar 10 kil\u00f3metros de ramal del Estero Salado en la ciudad de Guayaquil y proporcionar a los habitantes \u00e1reas verdes para su recreaci\u00f3n, esparcimiento, contacto con la naturaleza y fomentar la generaci\u00f3n de servicios ambientales permanentes en la urbe.<\/p>\n<p style=\"text-align: justify;\">Para el efecto, se ejecutan varios procesos t\u00e9cnicos, relacionados con evaluar y propiciar la restauraci\u00f3n de los par\u00e1metros f\u00edsicos, qu\u00edmicos y biol\u00f3gicos del Estero. Entre los m\u00e1s importantes est\u00e1n oxigenaci\u00f3n forzada (superoxigenaci\u00f3n), reforestaci\u00f3n, remoci\u00f3n de palafitos (pilotes de madera), control de descargas (industriales y dom\u00e9sticas que afectan al Estero Salado), modelo hidrodin\u00e1mico, batimetr\u00eda y caracterizaci\u00f3n de sedimentos, identificaci\u00f3n de espacios de uso p\u00fablico, componente de educaci\u00f3n ambiental y social, control de desechos s\u00f3lidos.<\/p>\n<p style=\"text-align: justify;\">Finalmente, el Mandatario manifest\u00f3 que este brazo de mar contaminado est\u00e1 siendo recuperado por el Gobierno Nacional, ante la desidia y el desinter\u00e9s de las autoridades locales que durante d\u00e9cadas permitieron que la zona vaya pobl\u00e1ndose y por ende contamin\u00e1ndose a niveles muy elevados.<\/p>\n<p style=\"text-align: justify;\">\u201cEn 20 a\u00f1os no se ha hecho nada, tuvimos que declarar al Estero Salado zona protegida para intervenir directamente\u201d. Adem\u00e1s, anticip\u00f3 que se realizar\u00e1n auditor\u00edas a esas industrias y si no mejoran sus sistemas, se las clausurar\u00e1.<\/p>\n<p style=\"text-align: justify;\"><a href=\"http:\/\/www.ambienteyenergia.gob.ec\/ambiente\/wp-content\/uploads\/2013\/11\/RETOCADA.jpg\"><img loading=\"lazy\" decoding=\"async\" class=\"aligncenter size-full wp-image-16854\" alt=\"Autoridades del MAE acompa\u00f1aron al Presidente Correa en recorrido por el Estero Salado\" src=\"http:\/\/www.ambienteyenergia.gob.ec\/ambiente\/wp-content\/uploads\/2013\/11\/RETOCADA.jpg\" width=\"650\" height=\"434\" srcset=\"https:\/\/www.ambienteyenergia.gob.ec\/ambiente\/wp-content\/uploads\/sites\/2\/2013\/11\/RETOCADA.jpg 650w, https:\/\/www.ambienteyenergia.gob.ec\/ambiente\/wp-content\/uploads\/sites\/2\/2013\/11\/RETOCADA-300x200.jpg 300w, https:\/\/www.ambienteyenergia.gob.ec\/ambiente\/wp-content\/uploads\/sites\/2\/2013\/11\/RETOCADA-449x300.jpg 449w\" sizes=\"auto, (max-width: 650px) 100vw, 650px\" \/><\/a><\/p>\n","protected":false},"excerpt":{"rendered":"<p class=\"excerpt\">Ayer, la Viceministra del Ambiente, M\u00f3nica Hidalgo y Daisy C\u00e1rdenas, Subsecretaria de Gesti\u00f3n Marina y Costera del MAE, acompa\u00f1aron al Presidente de la Rep\u00fablica, Rafael Correa, en un recorrido por el Estero Salado en la zona de la Isla Trinitaria, para constatar los resultados de la recuperaci\u00f3n, que beneficia a los pobladores de las cooperativas Naciones Unidas, Vencer o Morir,&hellip; <a href=\"https:\/\/www.ambienteyenergia.gob.ec\/ambiente\/autoridades-del-mae-acompanaron-al-presidente-correa-en-recorrido-por-el-estero-salado\/\">Read more &rarr;<\/a><\/p>\n","protected":false},"author":13,"featured_media":16853,"comment_status":"open","ping_status":"open","sticky":false,"template":"","format":"standard","meta":{"footnotes":""},"categories":[16,4],"tags":[],"class_list":["post-16852","post","type-post","status-publish","format-standard","has-post-thumbnail","hentry","category-comunicamos","category-noticias","xfolkentry"],"_links":{"self":[{"href":"https:\/\/www.ambienteyenergia.gob.ec\/ambiente\/wp-json\/wp\/v2\/posts\/16852","targetHints":{"allow":["GET"]}}],"collection":[{"href":"https:\/\/www.ambienteyenergia.gob.ec\/ambiente\/wp-json\/wp\/v2\/posts"}],"about":[{"href":"https:\/\/www.ambienteyenergia.gob.ec\/ambiente\/wp-json\/wp\/v2\/types\/post"}],"author":[{"embeddable":true,"href":"https:\/\/www.ambienteyenergia.gob.ec\/ambiente\/wp-json\/wp\/v2\/users\/13"}],"replies":[{"embeddable":true,"href":"https:\/\/www.ambienteyenergia.gob.ec\/ambiente\/wp-json\/wp\/v2\/comments?post=16852"}],"version-history":[{"count":0,"href":"https:\/\/www.ambienteyenergia.gob.ec\/ambiente\/wp-json\/wp\/v2\/posts\/16852\/revisions"}],"wp:featuredmedia":[{"embeddable":true,"href":"https:\/\/www.ambienteyenergia.gob.ec\/ambiente\/wp-json\/wp\/v2\/media\/16853"}],"wp:attachment":[{"href":"https:\/\/www.ambienteyenergia.gob.ec\/ambiente\/wp-json\/wp\/v2\/media?parent=16852"}],"wp:term":[{"taxonomy":"category","embeddable":true,"href":"https:\/\/www.ambienteyenergia.gob.ec\/ambiente\/wp-json\/wp\/v2\/categories?post=16852"},{"taxonomy":"post_tag","embeddable":true,"href":"https:\/\/www.ambienteyenergia.gob.ec\/ambiente\/wp-json\/wp\/v2\/tags?post=16852"}],"curies":[{"name":"wp","href":"https:\/\/api.w.org\/{rel}","templated":true}]}}