{"id":16849,"date":"2013-11-20T13:22:48","date_gmt":"2013-11-20T18:22:48","guid":{"rendered":"http:\/\/www.ambiente.gob.ec\/?p=16849"},"modified":"2013-11-20T13:31:23","modified_gmt":"2013-11-20T18:31:23","slug":"ministerio-del-ambiente-evalua-informacion-sobre-estado-de-excepcion-en-esmeraldas","status":"publish","type":"post","link":"https:\/\/www.ambienteyenergia.gob.ec\/ambiente\/ministerio-del-ambiente-evalua-informacion-sobre-estado-de-excepcion-en-esmeraldas\/","title":{"rendered":"Ministerio del Ambiente eval\u00faa informaci\u00f3n sobre Estado de Excepci\u00f3n en Esmeraldas"},"content":{"rendered":"<p style=\"text-align: justify;\">Hoy, a las 13:00, en Esmeraldas, la Viceministra M\u00f3nica Hidalgo, junto con los representantes de las Fuerzas Armadas, Polic\u00eda Nacional y Fiscal\u00eda participan en una reuni\u00f3n de trabajo para evaluar la informaci\u00f3n recolectada durante el Estado de Excepci\u00f3n declarado por el Presidente Rafael Correa el pasado 23 de septiembre.<\/p>\n<p style=\"text-align: justify;\">Es\u00a0importante\u00a0mencionar, el trabajo articulado que desarrollan las instituciones involucradas en este proceso y la\u00a0aceptaci\u00f3n\u00a0de la provincia de la\u00a0ciudadan\u00eda, por la hist\u00f3rica decisi\u00f3n tomada por este Gobierno de la Revoluci\u00f3n Nacional, en base a la importante propuesta presentada por la Sra. Ministra Lorena Tapia Ministra del Ambiente.<\/p>\n<p style=\"text-align: justify;\">La medida se cumple este s\u00e1bado, tras 60 d\u00edas, del Estado de Excepci\u00f3n en el que se\u00a0proh\u00edbe la emisi\u00f3n de permisos de tala en bosque nativo y la renovaci\u00f3n de los existentes en la provincia de Esmeraldas. Durante este tiempo el MAE, realiz\u00f3 una auditor\u00eda de todos los permisos de tala en el bosque nativo otorgados por esta cartera de Estado.<\/p>\n<p style=\"text-align: justify;\">Esmeraldas es la provincia con el nivel m\u00e1s alto de deforestaci\u00f3n a nivel nacional, es por esto que con esta medida, solicitada por la M\u00e1xima Autoridad Ambiental, esta Cartera de Estado,\u00a0salvaguarda la productividad de bosques nativos y la conservaci\u00f3n de sitios \u00fanicos que tiene el\u00a0patrimonio natural de la provincia de Esmeraldas y del Ecuador.<\/p>\n<p style=\"text-align: justify;\">\n","protected":false},"excerpt":{"rendered":"<p class=\"excerpt\">Hoy, a las 13:00, en Esmeraldas, la Viceministra M\u00f3nica Hidalgo, junto con los representantes de las Fuerzas Armadas, Polic\u00eda Nacional y Fiscal\u00eda participan en una reuni\u00f3n de trabajo para evaluar la informaci\u00f3n recolectada durante el Estado de Excepci\u00f3n declarado por el Presidente Rafael Correa el pasado 23 de septiembre. Es\u00a0importante\u00a0mencionar, el trabajo articulado que desarrollan las instituciones involucradas en este&hellip; <a href=\"https:\/\/www.ambienteyenergia.gob.ec\/ambiente\/ministerio-del-ambiente-evalua-informacion-sobre-estado-de-excepcion-en-esmeraldas\/\">Read more &rarr;<\/a><\/p>\n","protected":false},"author":13,"featured_media":16801,"comment_status":"open","ping_status":"open","sticky":false,"template":"","format":"standard","meta":{"footnotes":""},"categories":[16,4],"tags":[55,53,54],"class_list":["post-16849","post","type-post","status-publish","format-standard","has-post-thumbnail","hentry","category-comunicamos","category-noticias","tag-esmeraldas","tag-mae","tag-ministerio-del-ambiente","xfolkentry"],"_links":{"self":[{"href":"https:\/\/www.ambienteyenergia.gob.ec\/ambiente\/wp-json\/wp\/v2\/posts\/16849","targetHints":{"allow":["GET"]}}],"collection":[{"href":"https:\/\/www.ambienteyenergia.gob.ec\/ambiente\/wp-json\/wp\/v2\/posts"}],"about":[{"href":"https:\/\/www.ambienteyenergia.gob.ec\/ambiente\/wp-json\/wp\/v2\/types\/post"}],"author":[{"embeddable":true,"href":"https:\/\/www.ambienteyenergia.gob.ec\/ambiente\/wp-json\/wp\/v2\/users\/13"}],"replies":[{"embeddable":true,"href":"https:\/\/www.ambienteyenergia.gob.ec\/ambiente\/wp-json\/wp\/v2\/comments?post=16849"}],"version-history":[{"count":0,"href":"https:\/\/www.ambienteyenergia.gob.ec\/ambiente\/wp-json\/wp\/v2\/posts\/16849\/revisions"}],"wp:featuredmedia":[{"embeddable":true,"href":"https:\/\/www.ambienteyenergia.gob.ec\/ambiente\/wp-json\/wp\/v2\/media\/16801"}],"wp:attachment":[{"href":"https:\/\/www.ambienteyenergia.gob.ec\/ambiente\/wp-json\/wp\/v2\/media?parent=16849"}],"wp:term":[{"taxonomy":"category","embeddable":true,"href":"https:\/\/www.ambienteyenergia.gob.ec\/ambiente\/wp-json\/wp\/v2\/categories?post=16849"},{"taxonomy":"post_tag","embeddable":true,"href":"https:\/\/www.ambienteyenergia.gob.ec\/ambiente\/wp-json\/wp\/v2\/tags?post=16849"}],"curies":[{"name":"wp","href":"https:\/\/api.w.org\/{rel}","templated":true}]}}