{"id":16820,"date":"2013-11-19T10:45:11","date_gmt":"2013-11-19T15:45:11","guid":{"rendered":"http:\/\/www.ambiente.gob.ec\/?p=16820"},"modified":"2013-11-19T10:45:11","modified_gmt":"2013-11-19T15:45:11","slug":"mae-participa-en-congreso-internacional-de-regulacion-y-control-de-hidrocarburos","status":"publish","type":"post","link":"https:\/\/www.ambienteyenergia.gob.ec\/ambiente\/mae-participa-en-congreso-internacional-de-regulacion-y-control-de-hidrocarburos\/","title":{"rendered":"MAE participa en Congreso Internacional de Regulaci\u00f3n y Control de Hidrocarburos"},"content":{"rendered":"<p style=\"text-align: justify;\">La Coordinadora Nacional de Hidrocarburos del Ministerio del Ambiente, Ing. Rosa Fonseca, particip\u00f3 esta ma\u00f1ana en el Primer Congreso &#8211; Taller Internacional de Instituciones de Regulaci\u00f3n y Control de Hidrocarburos, organizado por la Agencia de Regulaci\u00f3n y Control Hidrocarbur\u00edfero (ARCH). En el encuentro, Fonseca expuso los lineamientos legales que permiten el desarrollo responsable de las actividades hidrocarbur\u00edferas. Destac\u00f3 que esta normativa jur\u00eddica protege los recursos naturales y garantiza el respeto al derecho colectivo de todos los ciudadanos a vivir en un ambiente sano, ecol\u00f3gicamente equilibrado y libre de contaminaci\u00f3n.<\/p>\n<p style=\"text-align: justify;\">La representante de la Cartera de Ambiente se refiri\u00f3 a la importancia de establecer reglas claras en materia socio-ambiental para todas las fases de las operaciones hidrocarbur\u00edferas, las mismas que deben estar orientadas a promover sistemas eficientes de gesti\u00f3n ambiental. En este sentido, el MAE, a trav\u00e9s de sus diferentes programas, cumple eficazmente su responsabilidad de control, regulaci\u00f3n, monitoreo y auditor\u00eda ambiental consolidando de forma arm\u00f3nica los ejes social, econ\u00f3mico y social.<\/p>\n<p style=\"text-align: justify;\">El Ministerio del Ambiente, a trav\u00e9s de la Secretar\u00eda de Control Ambiental cuenta con instrumentos que permiten que la gesti\u00f3n de impactos de actividades hidrocarbur\u00edferas sean reguladas y controladas oportunamente para una adecuada operaci\u00f3n. Estas herramientas son: el estudio de impacto ambiental, el plan de manejo ambiental, el plan de monitoreo y auditor\u00edas ambientales.<\/p>\n<p style=\"text-align: justify;\">En este Primer Congreso &#8211; Taller, participaron tambi\u00e9n funcionarios del Programa de Reparaci\u00f3n Ambiental y Social (PRAS), quienes brindaron informaci\u00f3n sobre la gesti\u00f3n integral de los pasivos ambientales y sociales producidos por el desarrollo de varias actividades econ\u00f3micas, incorporando lineamientos de reparaci\u00f3n integral en la pol\u00edtica nacional.<\/p>\n<p style=\"text-align: justify;\">Varios de los participantes provenientes de pa\u00edses de Am\u00e9rica Latina se acercaron al stand del PRAS y all\u00ed conocieron de primera mano sobre la metodolog\u00eda de valoraci\u00f3n de pasivos socio-ambientales, que comprende la identificaci\u00f3n integral del contexto social y ambiental para determinar el impacto del pasivo y cuantificarlo econ\u00f3micamente.<\/p>\n<p style=\"text-align: justify;\"><strong>Datos:<\/strong><\/p>\n<p style=\"text-align: justify;\">El Primer Congreso &#8211; Taller Internacional de Instituciones de Regulaci\u00f3n y Control de Hidrocarburos se lleva a cabo desde este lunes 18 hasta el viernes 22 de noviembre con el fin de intercambiar experiencias t\u00e9cnicas y actividades desarrolladas para el Control y regulaci\u00f3n del sector hidrocarbur\u00edfero. En esta ocasi\u00f3n participan representantes latinoamericanos y espa\u00f1oles.<\/p>\n","protected":false},"excerpt":{"rendered":"<p class=\"excerpt\">La Coordinadora Nacional de Hidrocarburos del Ministerio del Ambiente, Ing. Rosa Fonseca, particip\u00f3 esta ma\u00f1ana en el Primer Congreso &#8211; Taller Internacional de Instituciones de Regulaci\u00f3n y Control de Hidrocarburos, organizado por la Agencia de Regulaci\u00f3n y Control Hidrocarbur\u00edfero (ARCH). En el encuentro, Fonseca expuso los lineamientos legales que permiten el desarrollo responsable de las actividades hidrocarbur\u00edferas. Destac\u00f3 que esta&hellip; <a href=\"https:\/\/www.ambienteyenergia.gob.ec\/ambiente\/mae-participa-en-congreso-internacional-de-regulacion-y-control-de-hidrocarburos\/\">Read more &rarr;<\/a><\/p>\n","protected":false},"author":13,"featured_media":16821,"comment_status":"open","ping_status":"open","sticky":false,"template":"","format":"standard","meta":{"footnotes":""},"categories":[16,4],"tags":[],"class_list":["post-16820","post","type-post","status-publish","format-standard","has-post-thumbnail","hentry","category-comunicamos","category-noticias","xfolkentry"],"_links":{"self":[{"href":"https:\/\/www.ambienteyenergia.gob.ec\/ambiente\/wp-json\/wp\/v2\/posts\/16820","targetHints":{"allow":["GET"]}}],"collection":[{"href":"https:\/\/www.ambienteyenergia.gob.ec\/ambiente\/wp-json\/wp\/v2\/posts"}],"about":[{"href":"https:\/\/www.ambienteyenergia.gob.ec\/ambiente\/wp-json\/wp\/v2\/types\/post"}],"author":[{"embeddable":true,"href":"https:\/\/www.ambienteyenergia.gob.ec\/ambiente\/wp-json\/wp\/v2\/users\/13"}],"replies":[{"embeddable":true,"href":"https:\/\/www.ambienteyenergia.gob.ec\/ambiente\/wp-json\/wp\/v2\/comments?post=16820"}],"version-history":[{"count":0,"href":"https:\/\/www.ambienteyenergia.gob.ec\/ambiente\/wp-json\/wp\/v2\/posts\/16820\/revisions"}],"wp:featuredmedia":[{"embeddable":true,"href":"https:\/\/www.ambienteyenergia.gob.ec\/ambiente\/wp-json\/wp\/v2\/media\/16821"}],"wp:attachment":[{"href":"https:\/\/www.ambienteyenergia.gob.ec\/ambiente\/wp-json\/wp\/v2\/media?parent=16820"}],"wp:term":[{"taxonomy":"category","embeddable":true,"href":"https:\/\/www.ambienteyenergia.gob.ec\/ambiente\/wp-json\/wp\/v2\/categories?post=16820"},{"taxonomy":"post_tag","embeddable":true,"href":"https:\/\/www.ambienteyenergia.gob.ec\/ambiente\/wp-json\/wp\/v2\/tags?post=16820"}],"curies":[{"name":"wp","href":"https:\/\/api.w.org\/{rel}","templated":true}]}}