{"id":16796,"date":"2013-11-18T16:42:27","date_gmt":"2013-11-18T21:42:27","guid":{"rendered":"http:\/\/www.ambiente.gob.ec\/?p=16796"},"modified":"2013-11-18T16:42:27","modified_gmt":"2013-11-18T21:42:27","slug":"cervicabra-fue-liberada-en-la-reserva-ecologica-cotacachi-cayapas","status":"publish","type":"post","link":"https:\/\/www.ambienteyenergia.gob.ec\/ambiente\/cervicabra-fue-liberada-en-la-reserva-ecologica-cotacachi-cayapas\/","title":{"rendered":"Cervicabra fue liberada en la Reserva Ecol\u00f3gica Cotacachi Cayapas"},"content":{"rendered":"<p style=\"text-align: justify;\">El Ministerio del Ambiente (MAE), en coordinaci\u00f3n con Guardaparques de la Reserva Ecol\u00f3gica Cotacachi Cayapas (RECC) y comunidades cercanas, rescat\u00f3 a una cervicabra en el sector la Playita de la parroquia Apuela, en la provincia de Imbabura.<\/p>\n<p style=\"text-align: justify;\">El ant\u00edlope fue salvado\u00a0 por el Carlos Pastas, cuando perros del sector atacaban al animal. Inmediatamente, puso en resguardo al ejemplar e inform\u00f3 de su presencia a la Autoridad Ambiental.<\/p>\n<p style=\"text-align: justify;\">Funcionarios del MAE y de la Unidad de Polic\u00eda del Medio Ambiente (UPMA),\u00a0 se movilizaron al lugar para examinar al animal y determinar su estado de salud. La cervicabra ten\u00eda varias mordidas producto del ataque, raz\u00f3n por la cual fue trasladado a la Unidad de Manejo Guayabillas, donde se trataron y desinfectaron las heridas, producto del ataque que sufri\u00f3.<\/p>\n<p style=\"text-align: justify;\">Finalmente, despu\u00e9s de varios an\u00e1lisis m\u00e9dico-veterianarios, el ejemplar fue liberado en\u00a0 la Reserva Ecol\u00f3gica Cotacachi Cayapas, en el Islote Yerovi de Cuicocha, para lo cual, la Empresa de Turismo Cotacachi, del Gobierno Aut\u00f3nomo Descentralizado Municipal de Cotacachi, facilit\u00f3 una lancha para el traslado.<\/p>\n<p style=\"text-align: justify;\">\n","protected":false},"excerpt":{"rendered":"<p class=\"excerpt\">El Ministerio del Ambiente (MAE), en coordinaci\u00f3n con Guardaparques de la Reserva Ecol\u00f3gica Cotacachi Cayapas (RECC) y comunidades cercanas, rescat\u00f3 a una cervicabra en el sector la Playita de la parroquia Apuela, en la provincia de Imbabura. El ant\u00edlope fue salvado\u00a0 por el Carlos Pastas, cuando perros del sector atacaban al animal. Inmediatamente, puso en resguardo al ejemplar e inform\u00f3&hellip; <a href=\"https:\/\/www.ambienteyenergia.gob.ec\/ambiente\/cervicabra-fue-liberada-en-la-reserva-ecologica-cotacachi-cayapas\/\">Read more &rarr;<\/a><\/p>\n","protected":false},"author":13,"featured_media":16797,"comment_status":"open","ping_status":"open","sticky":false,"template":"","format":"standard","meta":{"footnotes":""},"categories":[16,4],"tags":[],"class_list":["post-16796","post","type-post","status-publish","format-standard","has-post-thumbnail","hentry","category-comunicamos","category-noticias","xfolkentry"],"_links":{"self":[{"href":"https:\/\/www.ambienteyenergia.gob.ec\/ambiente\/wp-json\/wp\/v2\/posts\/16796","targetHints":{"allow":["GET"]}}],"collection":[{"href":"https:\/\/www.ambienteyenergia.gob.ec\/ambiente\/wp-json\/wp\/v2\/posts"}],"about":[{"href":"https:\/\/www.ambienteyenergia.gob.ec\/ambiente\/wp-json\/wp\/v2\/types\/post"}],"author":[{"embeddable":true,"href":"https:\/\/www.ambienteyenergia.gob.ec\/ambiente\/wp-json\/wp\/v2\/users\/13"}],"replies":[{"embeddable":true,"href":"https:\/\/www.ambienteyenergia.gob.ec\/ambiente\/wp-json\/wp\/v2\/comments?post=16796"}],"version-history":[{"count":0,"href":"https:\/\/www.ambienteyenergia.gob.ec\/ambiente\/wp-json\/wp\/v2\/posts\/16796\/revisions"}],"wp:featuredmedia":[{"embeddable":true,"href":"https:\/\/www.ambienteyenergia.gob.ec\/ambiente\/wp-json\/wp\/v2\/media\/16797"}],"wp:attachment":[{"href":"https:\/\/www.ambienteyenergia.gob.ec\/ambiente\/wp-json\/wp\/v2\/media?parent=16796"}],"wp:term":[{"taxonomy":"category","embeddable":true,"href":"https:\/\/www.ambienteyenergia.gob.ec\/ambiente\/wp-json\/wp\/v2\/categories?post=16796"},{"taxonomy":"post_tag","embeddable":true,"href":"https:\/\/www.ambienteyenergia.gob.ec\/ambiente\/wp-json\/wp\/v2\/tags?post=16796"}],"curies":[{"name":"wp","href":"https:\/\/api.w.org\/{rel}","templated":true}]}}