{"id":16793,"date":"2013-11-18T16:26:46","date_gmt":"2013-11-18T21:26:46","guid":{"rendered":"http:\/\/www.ambiente.gob.ec\/?p=16793"},"modified":"2013-11-18T18:28:33","modified_gmt":"2013-11-18T23:28:33","slug":"mae-decomiso-ocho-sacos-que-contenian-musgo-y-bromelias-en-tungurahua","status":"publish","type":"post","link":"https:\/\/www.ambienteyenergia.gob.ec\/ambiente\/mae-decomiso-ocho-sacos-que-contenian-musgo-y-bromelias-en-tungurahua\/","title":{"rendered":"MAE decomis\u00f3 ocho sacos que conten\u00edan musgo y bromelias en Tungurahua"},"content":{"rendered":"<p style=\"text-align: justify;\">El Ministerio del Ambiente (MAE), a trav\u00e9s de la Direcci\u00f3n Provincial de Tungurahua, decomis\u00f3\u00a0 ocho sacos llenos de musgo y bromelias, que iban a ser comercializadas en los mercados de la provincia. Personal de vida silvestre y del Parque Nacional Llanganates inici\u00f3 los operativos de control en las v\u00edas secundarias en donde las personas extraen musgo de las quebradas.<\/p>\n<p style=\"text-align: justify;\">El pasado viernes 15 de noviembre, funcionarios del MAE, mientras patrullaban la v\u00eda Pillaro\u00a0 &#8211; Ambato, detectaron a ocho personas que cargaban saquillos. Inmediatamente, se solicit\u00f3 apoyo a la Unidad de Polic\u00eda Comunitaria, quienes procedieron a retener el material, mientras los presuntos infractores huyeron\u00a0 por las quebradas del r\u00edo Culapachan.<\/p>\n<p style=\"text-align: justify;\">Como parte del trabajo de prevenci\u00f3n los funcionarios del MAE en Tungurahua realizan visitas personalizadas a los comerciantes de los mercados para que no\u00a0 expendan musgo natural y otros recursos del p\u00e1ramo o bosques, que en estas fechas se extrae para adornar el pesebre navide\u00f1o. Acciones como \u00e9sta, provoca grandes impactos al ecosistema, por tal motivo, se recomienda usar materiales alternativos como musgo artificial y otros sint\u00e9ticos usando la creatividad para mantener la tradici\u00f3n cristiana de la navidad.<\/p>\n<p style=\"text-align: justify;\">Esta Cartera de Estado continuar\u00e1 con las socializaciones permanentes y operativos de control en Tungurahua.<\/p>\n","protected":false},"excerpt":{"rendered":"<p class=\"excerpt\">El Ministerio del Ambiente (MAE), a trav\u00e9s de la Direcci\u00f3n Provincial de Tungurahua, decomis\u00f3\u00a0 ocho sacos llenos de musgo y bromelias, que iban a ser comercializadas en los mercados de la provincia. Personal de vida silvestre y del Parque Nacional Llanganates inici\u00f3 los operativos de control en las v\u00edas secundarias en donde las personas extraen musgo de las quebradas. El&hellip; <a href=\"https:\/\/www.ambienteyenergia.gob.ec\/ambiente\/mae-decomiso-ocho-sacos-que-contenian-musgo-y-bromelias-en-tungurahua\/\">Read more &rarr;<\/a><\/p>\n","protected":false},"author":13,"featured_media":16794,"comment_status":"open","ping_status":"open","sticky":false,"template":"","format":"standard","meta":{"footnotes":""},"categories":[16,4],"tags":[],"class_list":["post-16793","post","type-post","status-publish","format-standard","has-post-thumbnail","hentry","category-comunicamos","category-noticias","xfolkentry"],"_links":{"self":[{"href":"https:\/\/www.ambienteyenergia.gob.ec\/ambiente\/wp-json\/wp\/v2\/posts\/16793","targetHints":{"allow":["GET"]}}],"collection":[{"href":"https:\/\/www.ambienteyenergia.gob.ec\/ambiente\/wp-json\/wp\/v2\/posts"}],"about":[{"href":"https:\/\/www.ambienteyenergia.gob.ec\/ambiente\/wp-json\/wp\/v2\/types\/post"}],"author":[{"embeddable":true,"href":"https:\/\/www.ambienteyenergia.gob.ec\/ambiente\/wp-json\/wp\/v2\/users\/13"}],"replies":[{"embeddable":true,"href":"https:\/\/www.ambienteyenergia.gob.ec\/ambiente\/wp-json\/wp\/v2\/comments?post=16793"}],"version-history":[{"count":0,"href":"https:\/\/www.ambienteyenergia.gob.ec\/ambiente\/wp-json\/wp\/v2\/posts\/16793\/revisions"}],"wp:featuredmedia":[{"embeddable":true,"href":"https:\/\/www.ambienteyenergia.gob.ec\/ambiente\/wp-json\/wp\/v2\/media\/16794"}],"wp:attachment":[{"href":"https:\/\/www.ambienteyenergia.gob.ec\/ambiente\/wp-json\/wp\/v2\/media?parent=16793"}],"wp:term":[{"taxonomy":"category","embeddable":true,"href":"https:\/\/www.ambienteyenergia.gob.ec\/ambiente\/wp-json\/wp\/v2\/categories?post=16793"},{"taxonomy":"post_tag","embeddable":true,"href":"https:\/\/www.ambienteyenergia.gob.ec\/ambiente\/wp-json\/wp\/v2\/tags?post=16793"}],"curies":[{"name":"wp","href":"https:\/\/api.w.org\/{rel}","templated":true}]}}