{"id":16783,"date":"2013-11-18T16:00:48","date_gmt":"2013-11-18T21:00:48","guid":{"rendered":"http:\/\/www.ambiente.gob.ec\/?p=16783"},"modified":"2013-11-18T16:00:48","modified_gmt":"2013-11-18T21:00:48","slug":"mae-sensibilizo-a-la-poblacion-esmeraldena-sobre-la-importancia-de-conservar-los-bosques-a-traves-de-la-musica","status":"publish","type":"post","link":"https:\/\/www.ambienteyenergia.gob.ec\/ambiente\/mae-sensibilizo-a-la-poblacion-esmeraldena-sobre-la-importancia-de-conservar-los-bosques-a-traves-de-la-musica\/","title":{"rendered":"MAE sensibiliz\u00f3 a la poblaci\u00f3n esmeralde\u00f1a sobre la importancia de conservar los bosques, a trav\u00e9s de la m\u00fasica"},"content":{"rendered":"<p style=\"text-align: justify;\" align=\"JUSTIFY\">Un compromiso por conservar el bosque, la naturaleza y la vida, realizaron los cantantes y cantautores Paolo Plaza, Karla Kanora, Rosita Wila y el Grupo Etnia, quienes participaron en el concierto musical \u201cEsmeraldas Verde\u201d, que organiz\u00f3 el Ministerio del Ambiente (MAE), el pasado 16 de noviembre, en Quinind\u00e9, centro de la provincia de Esmeraldas. El objetivo del evento fue socializar los incentivos del proyecto Socio Bosque e informar a la poblaci\u00f3n esmeralde\u00f1a la importancia de conservar los bosques nativos.<\/p>\n<p style=\"text-align: justify;\" align=\"JUSTIFY\">En el ensamble de ritmos musicales tradicionales, marimba y moderno interpretaron el tema \u201cEl bosque es nuestro hay que conservar. Que si t\u00fa lo cuidas vamos a vivir m\u00e1s\u201d, como canci\u00f3n emblema de la campa\u00f1a de sensibilizaci\u00f3n por un \u201cVerde Esmeraldas\u201d.<\/p>\n<p style=\"text-align: justify;\" align=\"JUSTIFY\">El concierto que se desarroll\u00f3 en el sector de la avenida Seis de Diciembre (Parque de La Madre) y concentr\u00f3 a un nutrido p\u00fablico que se deleit\u00f3 con la programaci\u00f3n art\u00edstica, concursos y entregas de premios bajo la animaci\u00f3n del presentador Cristian Norris.<\/p>\n<p style=\"text-align: justify;\" align=\"JUSTIFY\">Kanora, Wila y Plaza puntualizaron en que el bosque es de vital importancia para las actuales y venideras generaciones, y convocaron a los esmeralde\u00f1os a cuidar este recurso que hace de Esmeraldas una la provincia verde.<\/p>\n<p style=\"text-align: justify;\" align=\"JUSTIFY\">En la entrega de premios, los cantantes Paolo Plaza y Karla Kanora, aprovecharon para autografiar las camisetas del Ministerio del Ambiente, confeccionadas con el logotipo de la campa\u00f1a \u201cVerde Esmeraldas\u201d.<\/p>\n<p style=\"text-align: justify;\" align=\"JUSTIFY\">En la apertura del programa, la directora provincial del MAE, Narcisa C\u00e1rdenas, destac\u00f3 las acciones emprendidas por la Ministra del Ambiente, Lorena Tapia, quien ha liderado este proceso orientado a la conservaci\u00f3n del bosque en Esmeraldas.<\/p>\n<p style=\"text-align: justify;\" align=\"JUSTIFY\">Adem\u00e1s, reiter\u00f3 que esta Secretar\u00eda de Estado cuenta con incentivos econ\u00f3micos, asesor\u00eda legal y asistencia t\u00e9cnica del Programa Socio Bosque. Esto permite que las comunidades aprovechen el bosque y desarrollen otras actividades para mejorar su calidad de vida.<\/p>\n<p style=\"text-align: justify;\" align=\"JUSTIFY\">A su turno la Gobernadora de Esmeraldas, Paola Cabeza, explic\u00f3 que los bosques de la provincia no se pueden acabar por la tala indiscriminada. Por ello, invit\u00f3 a todos a ser parte de esta campa\u00f1a de conservaci\u00f3n que lleva adelante el Ministerio del Ambiente.<\/p>\n<p style=\"text-align: justify;\" align=\"JUSTIFY\">Los asistentes al concierto, como Ignacio Valdez, de la comunidad de Zabalito, solicitaron impulsar m\u00e1s esta campa\u00f1a de sensibilizaci\u00f3n forestal.<\/p>\n<p style=\"text-align: justify;\" align=\"JUSTIFY\"><div id='gallery-1' class='gallery galleryid-16783 gallery-columns-3 gallery-size-thumbnail'><dl class='gallery-item'>\n\t\t\t<dt class='gallery-icon landscape'>\n\t\t\t\t<a href='https:\/\/www.ambienteyenergia.gob.ec\/ambiente\/mae-sensibilizo-a-la-poblacion-esmeraldena-sobre-la-importancia-de-conservar-los-bosques-a-traves-de-la-musica\/img_0077-2\/'><img loading=\"lazy\" decoding=\"async\" width=\"150\" height=\"150\" src=\"https:\/\/www.ambienteyenergia.gob.ec\/ambiente\/wp-content\/uploads\/sites\/2\/2013\/11\/IMG_00771-150x150.jpg\" class=\"attachment-thumbnail size-thumbnail\" alt=\"\" \/><\/a>\n\t\t\t<\/dt><\/dl><dl class='gallery-item'>\n\t\t\t<dt class='gallery-icon landscape'>\n\t\t\t\t<a href='https:\/\/www.ambienteyenergia.gob.ec\/ambiente\/mae-sensibilizo-a-la-poblacion-esmeraldena-sobre-la-importancia-de-conservar-los-bosques-a-traves-de-la-musica\/img_0026-2\/'><img loading=\"lazy\" decoding=\"async\" width=\"150\" height=\"150\" src=\"https:\/\/www.ambienteyenergia.gob.ec\/ambiente\/wp-content\/uploads\/sites\/2\/2013\/11\/IMG_00261-150x150.jpg\" class=\"attachment-thumbnail size-thumbnail\" alt=\"\" \/><\/a>\n\t\t\t<\/dt><\/dl><dl class='gallery-item'>\n\t\t\t<dt class='gallery-icon landscape'>\n\t\t\t\t<a href='https:\/\/www.ambienteyenergia.gob.ec\/ambiente\/mae-sensibilizo-a-la-poblacion-esmeraldena-sobre-la-importancia-de-conservar-los-bosques-a-traves-de-la-musica\/img_0046\/'><img loading=\"lazy\" decoding=\"async\" width=\"150\" height=\"150\" src=\"https:\/\/www.ambienteyenergia.gob.ec\/ambiente\/wp-content\/uploads\/sites\/2\/2013\/11\/IMG_0046-150x150.jpg\" class=\"attachment-thumbnail size-thumbnail\" alt=\"\" \/><\/a>\n\t\t\t<\/dt><\/dl><br style=\"clear: both\" \/><dl class='gallery-item'>\n\t\t\t<dt class='gallery-icon landscape'>\n\t\t\t\t<a href='https:\/\/www.ambienteyenergia.gob.ec\/ambiente\/mae-sensibilizo-a-la-poblacion-esmeraldena-sobre-la-importancia-de-conservar-los-bosques-a-traves-de-la-musica\/img_0062\/'><img loading=\"lazy\" decoding=\"async\" width=\"150\" height=\"150\" src=\"https:\/\/www.ambienteyenergia.gob.ec\/ambiente\/wp-content\/uploads\/sites\/2\/2013\/11\/IMG_0062-150x150.jpg\" class=\"attachment-thumbnail size-thumbnail\" alt=\"\" \/><\/a>\n\t\t\t<\/dt><\/dl><dl class='gallery-item'>\n\t\t\t<dt class='gallery-icon landscape'>\n\t\t\t\t<a href='https:\/\/www.ambienteyenergia.gob.ec\/ambiente\/mae-sensibilizo-a-la-poblacion-esmeraldena-sobre-la-importancia-de-conservar-los-bosques-a-traves-de-la-musica\/img_0064\/'><img loading=\"lazy\" decoding=\"async\" width=\"150\" height=\"150\" src=\"https:\/\/www.ambienteyenergia.gob.ec\/ambiente\/wp-content\/uploads\/sites\/2\/2013\/11\/IMG_0064-150x150.jpg\" class=\"attachment-thumbnail size-thumbnail\" alt=\"\" \/><\/a>\n\t\t\t<\/dt><\/dl><dl class='gallery-item'>\n\t\t\t<dt class='gallery-icon landscape'>\n\t\t\t\t<a href='https:\/\/www.ambienteyenergia.gob.ec\/ambiente\/mae-sensibilizo-a-la-poblacion-esmeraldena-sobre-la-importancia-de-conservar-los-bosques-a-traves-de-la-musica\/img_0067\/'><img loading=\"lazy\" decoding=\"async\" width=\"150\" height=\"150\" src=\"https:\/\/www.ambienteyenergia.gob.ec\/ambiente\/wp-content\/uploads\/sites\/2\/2013\/11\/IMG_0067-150x150.jpg\" class=\"attachment-thumbnail size-thumbnail\" alt=\"\" \/><\/a>\n\t\t\t<\/dt><\/dl><br style=\"clear: both\" \/><dl class='gallery-item'>\n\t\t\t<dt class='gallery-icon landscape'>\n\t\t\t\t<a href='https:\/\/www.ambienteyenergia.gob.ec\/ambiente\/mae-sensibilizo-a-la-poblacion-esmeraldena-sobre-la-importancia-de-conservar-los-bosques-a-traves-de-la-musica\/img_0071\/'><img loading=\"lazy\" decoding=\"async\" width=\"150\" height=\"150\" src=\"https:\/\/www.ambienteyenergia.gob.ec\/ambiente\/wp-content\/uploads\/sites\/2\/2013\/11\/IMG_0071-150x150.jpg\" class=\"attachment-thumbnail size-thumbnail\" alt=\"\" \/><\/a>\n\t\t\t<\/dt><\/dl><dl class='gallery-item'>\n\t\t\t<dt class='gallery-icon landscape'>\n\t\t\t\t<a href='https:\/\/www.ambienteyenergia.gob.ec\/ambiente\/mae-sensibilizo-a-la-poblacion-esmeraldena-sobre-la-importancia-de-conservar-los-bosques-a-traves-de-la-musica\/img_0162\/'><img loading=\"lazy\" decoding=\"async\" width=\"150\" height=\"150\" src=\"https:\/\/www.ambienteyenergia.gob.ec\/ambiente\/wp-content\/uploads\/sites\/2\/2013\/11\/IMG_0162-150x150.jpg\" class=\"attachment-thumbnail size-thumbnail\" alt=\"\" \/><\/a>\n\t\t\t<\/dt><\/dl>\n\t\t\t<br style='clear: both' \/>\n\t\t<\/div>\n<\/p>\n","protected":false},"excerpt":{"rendered":"<p class=\"excerpt\">Un compromiso por conservar el bosque, la naturaleza y la vida, realizaron los cantantes y cantautores Paolo Plaza, Karla Kanora, Rosita Wila y el Grupo Etnia, quienes participaron en el concierto musical \u201cEsmeraldas Verde\u201d, que organiz\u00f3 el Ministerio del Ambiente (MAE), el pasado 16 de noviembre, en Quinind\u00e9, centro de la provincia de Esmeraldas. El objetivo del evento fue socializar&hellip; <a href=\"https:\/\/www.ambienteyenergia.gob.ec\/ambiente\/mae-sensibilizo-a-la-poblacion-esmeraldena-sobre-la-importancia-de-conservar-los-bosques-a-traves-de-la-musica\/\">Read more &rarr;<\/a><\/p>\n","protected":false},"author":13,"featured_media":16784,"comment_status":"open","ping_status":"open","sticky":false,"template":"","format":"standard","meta":{"footnotes":""},"categories":[16,4],"tags":[],"class_list":["post-16783","post","type-post","status-publish","format-standard","has-post-thumbnail","hentry","category-comunicamos","category-noticias","xfolkentry"],"_links":{"self":[{"href":"https:\/\/www.ambienteyenergia.gob.ec\/ambiente\/wp-json\/wp\/v2\/posts\/16783","targetHints":{"allow":["GET"]}}],"collection":[{"href":"https:\/\/www.ambienteyenergia.gob.ec\/ambiente\/wp-json\/wp\/v2\/posts"}],"about":[{"href":"https:\/\/www.ambienteyenergia.gob.ec\/ambiente\/wp-json\/wp\/v2\/types\/post"}],"author":[{"embeddable":true,"href":"https:\/\/www.ambienteyenergia.gob.ec\/ambiente\/wp-json\/wp\/v2\/users\/13"}],"replies":[{"embeddable":true,"href":"https:\/\/www.ambienteyenergia.gob.ec\/ambiente\/wp-json\/wp\/v2\/comments?post=16783"}],"version-history":[{"count":0,"href":"https:\/\/www.ambienteyenergia.gob.ec\/ambiente\/wp-json\/wp\/v2\/posts\/16783\/revisions"}],"wp:featuredmedia":[{"embeddable":true,"href":"https:\/\/www.ambienteyenergia.gob.ec\/ambiente\/wp-json\/wp\/v2\/media\/16784"}],"wp:attachment":[{"href":"https:\/\/www.ambienteyenergia.gob.ec\/ambiente\/wp-json\/wp\/v2\/media?parent=16783"}],"wp:term":[{"taxonomy":"category","embeddable":true,"href":"https:\/\/www.ambienteyenergia.gob.ec\/ambiente\/wp-json\/wp\/v2\/categories?post=16783"},{"taxonomy":"post_tag","embeddable":true,"href":"https:\/\/www.ambienteyenergia.gob.ec\/ambiente\/wp-json\/wp\/v2\/tags?post=16783"}],"curies":[{"name":"wp","href":"https:\/\/api.w.org\/{rel}","templated":true}]}}