{"id":16779,"date":"2013-11-18T14:50:18","date_gmt":"2013-11-18T19:50:18","guid":{"rendered":"http:\/\/www.ambiente.gob.ec\/?p=16779"},"modified":"2013-11-20T10:53:04","modified_gmt":"2013-11-20T15:53:04","slug":"ecuador-paticipa-en-negociaciones-de-cambio-climatico-en-polonia","status":"publish","type":"post","link":"https:\/\/www.ambienteyenergia.gob.ec\/ambiente\/ecuador-paticipa-en-negociaciones-de-cambio-climatico-en-polonia\/","title":{"rendered":"Ministra, Lorena Tapia, paticipar\u00e1 esta tarde en Negociaciones de Cambio Clim\u00e1tico, en Polonia"},"content":{"rendered":"<p style=\"text-align: justify;\">Ecuador, a trav\u00e9s del Ministerio del Ambiente (MAE), participa en las negociaciones de la D\u00e9cimo Novena Conferencia de las Partes\u00a0 &#8211; COP 19, que se desarrolla en Varsovia, Polonia, desde el 11 de noviembre.\u00a0 Eduardo Noboa, Subsecretario de Cambio Clim\u00e1tico,\u00a0 lidera la comisi\u00f3n, hasta la llegada de la Ministra del Ambiente, Lorena Tapia, quien viajar\u00e1 hoy al pa\u00eds europeo.<\/p>\n<p style=\"text-align: justify;\">Durante la primera semana de la COP, se ha obtenido logros como la redacci\u00f3n de borradores de decisi\u00f3n (<i>draft decision<\/i>), de cada uno de los \u00d3rganos Subsidiarios (\u00d3rgano Subsidiario de Implementaci\u00f3n \u2013 SBI y \u00d3rgano Subsidiario de Asesor\u00eda T\u00e9cnica y Cient\u00edfica &#8211; SBSTA).<\/p>\n<p style=\"text-align: justify;\">En lo que respecta al desarrollo de los temas prioritarios de la posici\u00f3n nacional del Ecuador, se puede destacar lo siguiente:<\/p>\n<p style=\"text-align: justify;\"><strong>Plataforma de Durban &#8211; (ADP) <\/strong><\/p>\n<p style=\"text-align: justify;\">Las discusiones est\u00e1n detenidas debido a que los pa\u00edses desarrollados no quieren clarificar sus compromisos con respecto a los medios de implementaci\u00f3n (financiamiento, desarrollo y transferencia de tecnolog\u00eda, y desarrollo de capacidades) para el periodo pre 2020 (2013 \u2013 2020), sin constatar que los pa\u00edses desarrollados se comprometan a realizar acciones de mitigaci\u00f3n para el periodo post 2020.<\/p>\n<p style=\"text-align: justify;\"><strong>Financiamiento<\/strong><\/p>\n<p style=\"text-align: justify;\">Se est\u00e1 discutiendo el financiamiento a largo plazo, considerando las fuentes para el desembolso de 100 mil millones de d\u00f3lares al a\u00f1o a partir del 2020 y la participaci\u00f3n del sector privado, fuentes multilaterales y alternativas. Existe incertidumbre acerca del alcance que tiene el financiamiento clim\u00e1tico, aplicabilidad de este compromiso y sobre c\u00f3mo se compartir\u00e1n las responsabilidades los pa\u00edses desarrollados.<\/p>\n<p style=\"text-align: justify;\"><strong>REDD+<\/strong><\/p>\n<p style=\"text-align: justify;\">Las Partes se encuentran negociando las directrices metodol\u00f3gicas para el an\u00e1lisis de los niveles de referencia de emisiones forestales, y para la medici\u00f3n, verificaci\u00f3n y reporte para el mecanismo REDD+, como uno de los elementos de precondici\u00f3n para la futura implementaci\u00f3n de actividades REDD+ en los pa\u00edses. Esto permitir\u00e1 a los mismos acceder a pagos por resultados por parte de diversas fuentes de financiamiento p\u00fablico, privado o multilateral.<\/p>\n<p style=\"text-align: justify;\">Ecuador ha tratado de abogar pol\u00edticamente para que las decisiones previas se respeten y se pueda facilitar la futura implementaci\u00f3n de REDD+, pues es inter\u00e9s del pa\u00eds dar continuidad con este proceso, que ya dispone internamente de un marco regulatorio importante que es el acuerdo ministerial 033.<\/p>\n<p style=\"text-align: justify;\"><strong>Transferencia de Tecnolog\u00eda<\/strong><\/p>\n<p style=\"text-align: justify;\">Las discusiones en torno a tecnolog\u00eda ha coincidido con temas que han resultado hist\u00f3ricamente delicados para los pa\u00edses en desarrollo como es que se reconozca la provisi\u00f3n de financiamiento para el CTCN y la implementaci\u00f3n de los resultados de las Evaluaciones de Necesidades Tecnol\u00f3gicas (Ecuador termin\u00f3 su proyecto en Junio 2013). Por otro lado, la inclusi\u00f3n de los Derechos de Propiedad Intelectual (DPI) dentro de la agenda de negociaciones de cambio clim\u00e1tico no ha sido aceptada por los pa\u00edses desarrollados al manifestar que este no es el espacio para tratar DPIs y restando importancia para que desde la COP se manifieste la necesidad de ahondar m\u00e1s sobre este punto con otras organizaciones como OMPI y OMC.<\/p>\n<p style=\"text-align: justify;\"><strong>Adaptaci\u00f3n\u00a0<\/strong><\/p>\n<p style=\"text-align: justify;\">Las discusiones en Adaptaci\u00f3n giran alrededor de cuatro temas: Informe del Comit\u00e9 de Adaptaci\u00f3n a la COP19, Planes Nacionales de Adaptaci\u00f3n (NAPs), Programa de Trabajo de Nairobi (NWP) y P\u00e9rdidas y Da\u00f1os (L&amp;D). En t\u00e9rminos generales las negociaciones en adaptaci\u00f3n han tenido dificultades debido a que los pa\u00edses en desarrollo solicitan la provisi\u00f3n de financiamiento para: a) el desarrollo de sus NAP\u2019s, b) la identificaci\u00f3n de \u00e1reas de trabajo (agua, ecosistemas, infraestructura, seguridad alimentaria y salud) para la adaptaci\u00f3n, y c) la creaci\u00f3n del Mecanismo Internacional de P\u00e9rdidas y Da\u00f1os.<\/p>\n<p style=\"text-align: justify;\">Esta posici\u00f3n que no es aceptada por los pa\u00edses desarrollados. La posici\u00f3n de G77 + China (donde Ecuador es parte) han tratado de evitar que s\u00f3lo se comprometa el desarrollo de un programa de trabajo y que se apruebe la creaci\u00f3n de un mecanismo. Los pa\u00edses desarrollados, Australia sobre todo, buscan limitar al m\u00e1ximo sus compromisos de financiamiento y otros medios de implementaci\u00f3n (como lo es transferencia de tecnolog\u00eda).<\/p>\n<p style=\"text-align: justify;\">Se espera que la pr\u00f3xima semana, con la llegada de autoridades nacionales ambientales, se pueda dinamizar pol\u00edticamente las discusiones que se encuentran detenidas.<\/p>\n<p style=\"text-align: justify;\">\n","protected":false},"excerpt":{"rendered":"<p class=\"excerpt\">Ecuador, a trav\u00e9s del Ministerio del Ambiente (MAE), participa en las negociaciones de la D\u00e9cimo Novena Conferencia de las Partes\u00a0 &#8211; COP 19, que se desarrolla en Varsovia, Polonia, desde el 11 de noviembre.\u00a0 Eduardo Noboa, Subsecretario de Cambio Clim\u00e1tico,\u00a0 lidera la comisi\u00f3n, hasta la llegada de la Ministra del Ambiente, Lorena Tapia, quien viajar\u00e1 hoy al pa\u00eds europeo. Durante&hellip; <a href=\"https:\/\/www.ambienteyenergia.gob.ec\/ambiente\/ecuador-paticipa-en-negociaciones-de-cambio-climatico-en-polonia\/\">Read more &rarr;<\/a><\/p>\n","protected":false},"author":13,"featured_media":16611,"comment_status":"open","ping_status":"open","sticky":false,"template":"","format":"standard","meta":{"footnotes":""},"categories":[16,4],"tags":[],"class_list":["post-16779","post","type-post","status-publish","format-standard","has-post-thumbnail","hentry","category-comunicamos","category-noticias","xfolkentry"],"_links":{"self":[{"href":"https:\/\/www.ambienteyenergia.gob.ec\/ambiente\/wp-json\/wp\/v2\/posts\/16779","targetHints":{"allow":["GET"]}}],"collection":[{"href":"https:\/\/www.ambienteyenergia.gob.ec\/ambiente\/wp-json\/wp\/v2\/posts"}],"about":[{"href":"https:\/\/www.ambienteyenergia.gob.ec\/ambiente\/wp-json\/wp\/v2\/types\/post"}],"author":[{"embeddable":true,"href":"https:\/\/www.ambienteyenergia.gob.ec\/ambiente\/wp-json\/wp\/v2\/users\/13"}],"replies":[{"embeddable":true,"href":"https:\/\/www.ambienteyenergia.gob.ec\/ambiente\/wp-json\/wp\/v2\/comments?post=16779"}],"version-history":[{"count":0,"href":"https:\/\/www.ambienteyenergia.gob.ec\/ambiente\/wp-json\/wp\/v2\/posts\/16779\/revisions"}],"wp:featuredmedia":[{"embeddable":true,"href":"https:\/\/www.ambienteyenergia.gob.ec\/ambiente\/wp-json\/wp\/v2\/media\/16611"}],"wp:attachment":[{"href":"https:\/\/www.ambienteyenergia.gob.ec\/ambiente\/wp-json\/wp\/v2\/media?parent=16779"}],"wp:term":[{"taxonomy":"category","embeddable":true,"href":"https:\/\/www.ambienteyenergia.gob.ec\/ambiente\/wp-json\/wp\/v2\/categories?post=16779"},{"taxonomy":"post_tag","embeddable":true,"href":"https:\/\/www.ambienteyenergia.gob.ec\/ambiente\/wp-json\/wp\/v2\/tags?post=16779"}],"curies":[{"name":"wp","href":"https:\/\/api.w.org\/{rel}","templated":true}]}}