{"id":16751,"date":"2013-11-18T12:40:59","date_gmt":"2013-11-18T17:40:59","guid":{"rendered":"http:\/\/www.ambiente.gob.ec\/?p=16751"},"modified":"2013-11-18T12:41:49","modified_gmt":"2013-11-18T17:41:49","slug":"mae-realizo-taller-teorico-practico-sobre-cambio-climatico-con-periodistas","status":"publish","type":"post","link":"https:\/\/www.ambienteyenergia.gob.ec\/ambiente\/mae-realizo-taller-teorico-practico-sobre-cambio-climatico-con-periodistas\/","title":{"rendered":"MAE realiz\u00f3 taller te\u00f3rico-pr\u00e1ctico sobre Cambio Clim\u00e1tico con periodistas"},"content":{"rendered":"<p style=\"text-align: justify;\">El Ministerio del Ambiente (MAE), en coordinaci\u00f3n con la Fundaci\u00f3n Friedrich-Ebert-Stiftung (FES), mediante su Proyecto Regional de Energ\u00eda y Clima, y su Centro de Competencia en Comunicaci\u00f3n, realiz\u00f3 el primer taller te\u00f3rico &#8211; pr\u00e1ctico sobre cambio clim\u00e1tico dirigido a periodistas y comunicadores de medios de privados y gubernamentales, el pasado 14 y 15 de noviembre.<\/p>\n<p style=\"text-align: justify;\">El taller enfocado en los efectos socioecon\u00f3micos del cambio clim\u00e1tico traslad\u00f3 a los periodistas al campo para que conozcan de manera pr\u00e1ctica sobre este fen\u00f3meno. Dentro de la jornada se visit\u00f3 la Reserva Ecol\u00f3gica Antisana, y comunidades afectadas por el cambio clim\u00e1tico en Papallacta, en las que se desarrollan\u00a0 Proyecto de Adaptaci\u00f3n al Impacto del Retroceso Acelerado de Glaciares en los Andes Tropicales (PRAA) del MAE, financiado por diferentes organismos internacionales. La visita estuvo guiada por expertos, quienes explicaron acerca del tema.<\/p>\n<p style=\"text-align: justify;\"><strong>Investigaci\u00f3n en campo\u00a0<\/strong><\/p>\n<p style=\"text-align: justify;\">Las y los comunicadores visitaron una de las estaciones Meteorol\u00f3gicas Autom\u00e1ticas para el Monitoreo de Glaciares y P\u00e1ramos, ubicada a 3 900 metros de altura en una de las cuencas del Antisana. Jorge Nu\u00f1ez, gerente del proyecto PRAA, explic\u00f3 la importancia de estas bases, \u201cuna de las utilidades de esta base es la generaci\u00f3n de informaci\u00f3n que sustente estudios e investigaciones cient\u00edficas, la conformaci\u00f3n de una red andina de estaciones de gran altura, y la contribuci\u00f3n a la base de datos climatol\u00f3gicos en el Ecuador\u201d.<\/p>\n<p style=\"text-align: justify;\">Otra de las actividades fue visitar una \u201cparcela\u201d (pedazo de terreno), en la cual se hacen investigaciones para establecer par\u00e1metros de conservaci\u00f3n y restauraci\u00f3n de los p\u00e1ramos, y de esta manera saber cu\u00e1l es la mejor manera de mantener este ecosistema vulnerable. Con este tipo de acciones se est\u00e1 asegurando que en un futuro se cuente con agua para el consumo humano.<\/p>\n<p style=\"text-align: justify;\"><strong>\u00bfC\u00f3mo vive una comunidad los cambios de clima?<\/strong><\/p>\n<p style=\"text-align: justify;\">Los\u00a0y las periodistas compartieron las vivencias de los habitantes de las comunidades del sector de Papallacta, quienes explicaron c\u00f3mo el clima ha cambiado y la manera en que \u00e9ste les afecta.<\/p>\n<p style=\"text-align: justify;\">Melva Cagualquijo, quien naci\u00f3 hace 29 a\u00f1os en el sector, coment\u00f3: \u201ctenemos que convivir con la naturaleza, nos ayuda a ser conscientes del cambio del clima, es palpable. Hace 15 a\u00f1os atr\u00e1s, esta zona era con nubosidad bastante fuerte, lluvias permanentes, el sol se ve\u00eda dos o tres d\u00edas al mes. En cambio ahora, hay 15 d\u00edas enteros de sol, y sufrimos las consecuencias, esta variaci\u00f3n del clima, provoca que no haya agua suficiente, lo que produce que no crezca forraje ni para los animales, se pierde inclusive los huertos\u201d.<\/p>\n<p style=\"text-align: justify;\">Las y los talleristas ejercieron la pr\u00e1ctica period\u00edstica realizando\u00a0entrevistas, tomando fotograf\u00edas y v\u00eddeos, de esta manera conocieron la gesti\u00f3n del proyecto PRAA en la comunidad, en la que m\u00e1s de 100 familias del sector son capacitadas y sensibilizadas sobre cambio clim\u00e1tico y que han aplicado, a partir de estos conocimientos, varias medidas de adaptaci\u00f3n, como la construcci\u00f3n de invernaderos para sembrar productos que normalmente no se dan en la zona, como es el caso de la arveja. Asimismo, aprendieron a sembrar con diferentes t\u00e9cnicas agroecol\u00f3gicas.<\/p>\n<p style=\"text-align: justify;\">Otro de los aspectos con los que se trabaja en el sector, es\u00a0 mejorar la calidad del ganado, \u00a0de esta manera, con menos vacas se puede obtener mayor producci\u00f3n y por ende conservar el suelo y el ecosistema. As\u00ed lo ratifica, Melva, quien dijo que \u201cla comunidad se ha visto beneficiada en el aprendizaje, mejorar a los animales para mejorar el suelo, tener menos impacto es tener menos trabajo, los huertos nos han ayudado a ya no comprar los alimentos, sabemos que comemos productos sanos, sin qu\u00edmicos\u201d.<\/p>\n<p style=\"text-align: justify;\"><strong>Periodistas especializados en ambiente compartieron sus experiencias<\/strong><\/p>\n<p style=\"text-align: justify;\">Especialistas en comunicaci\u00f3n y cambio clim\u00e1tico expusieron sus diferentes puntos de vista sobre la informaci\u00f3n que se maneja sobre temas ambientales y de este fen\u00f3meno en particular. Siegmund Thies, experto en comunicaci\u00f3n ambiental y corresponsal independiente de las cadenas alemanas ZDF y ARD, fue el capacitador de esta jornada, quien resalt\u00f3 la importancia de investigar antes de la realizaci\u00f3n y publicaci\u00f3n de una nota concerniente al ambiente.<\/p>\n<p style=\"text-align: justify;\">\u00a0Asimismo, Virgilio Benavides, Asesor de la Subsecretar\u00eda de Cambio Clim\u00e1tico, realiz\u00f3 una presentaci\u00f3n sobre la normativa y las acciones que realiza y emprende el MAE frente al cambio clim\u00e1tico.<\/p>\n<p style=\"text-align: justify;\">Los periodistas al finalizar la capacitaci\u00f3n, felicitaron la iniciativa, pues consideran que este tipo de talleres les permite conocer de una manera vivencial\u00a0un tema t\u00e9cnico como es\u00a0el cambio clim\u00e1tico. As\u00ed tambi\u00e9n, resaltaron que es la primera vez que una instituci\u00f3n de gobierno busca de una manera pr\u00e1ctica acercarse a los medios de comunicaci\u00f3n y\u00a0 generar capacidades.<\/p>\n<p style=\"text-align: justify;\">\n<div id='gallery-1' class='gallery galleryid-16751 gallery-columns-3 gallery-size-thumbnail'><dl class='gallery-item'>\n\t\t\t<dt class='gallery-icon portrait'>\n\t\t\t\t<a href='https:\/\/www.ambienteyenergia.gob.ec\/ambiente\/mae-realizo-taller-teorico-practico-sobre-cambio-climatico-con-periodistas\/img_1285\/'><img loading=\"lazy\" decoding=\"async\" width=\"150\" height=\"150\" src=\"https:\/\/www.ambienteyenergia.gob.ec\/ambiente\/wp-content\/uploads\/sites\/2\/2013\/11\/IMG_1285-150x150.jpg\" class=\"attachment-thumbnail size-thumbnail\" alt=\"\" \/><\/a>\n\t\t\t<\/dt><\/dl><dl class='gallery-item'>\n\t\t\t<dt class='gallery-icon landscape'>\n\t\t\t\t<a href='https:\/\/www.ambienteyenergia.gob.ec\/ambiente\/mae-realizo-taller-teorico-practico-sobre-cambio-climatico-con-periodistas\/img_1286\/'><img loading=\"lazy\" decoding=\"async\" width=\"150\" height=\"150\" src=\"https:\/\/www.ambienteyenergia.gob.ec\/ambiente\/wp-content\/uploads\/sites\/2\/2013\/11\/IMG_1286-150x150.jpg\" class=\"attachment-thumbnail size-thumbnail\" alt=\"\" \/><\/a>\n\t\t\t<\/dt><\/dl><dl class='gallery-item'>\n\t\t\t<dt class='gallery-icon landscape'>\n\t\t\t\t<a href='https:\/\/www.ambienteyenergia.gob.ec\/ambiente\/mae-realizo-taller-teorico-practico-sobre-cambio-climatico-con-periodistas\/img_1287\/'><img loading=\"lazy\" decoding=\"async\" width=\"150\" height=\"150\" src=\"https:\/\/www.ambienteyenergia.gob.ec\/ambiente\/wp-content\/uploads\/sites\/2\/2013\/11\/IMG_1287-150x150.jpg\" class=\"attachment-thumbnail size-thumbnail\" alt=\"\" \/><\/a>\n\t\t\t<\/dt><\/dl><br style=\"clear: both\" \/><dl class='gallery-item'>\n\t\t\t<dt class='gallery-icon landscape'>\n\t\t\t\t<a href='https:\/\/www.ambienteyenergia.gob.ec\/ambiente\/mae-realizo-taller-teorico-practico-sobre-cambio-climatico-con-periodistas\/img_1288\/'><img loading=\"lazy\" decoding=\"async\" width=\"150\" height=\"150\" src=\"https:\/\/www.ambienteyenergia.gob.ec\/ambiente\/wp-content\/uploads\/sites\/2\/2013\/11\/IMG_1288-150x150.jpg\" class=\"attachment-thumbnail size-thumbnail\" alt=\"\" \/><\/a>\n\t\t\t<\/dt><\/dl>\n\t\t\t<br style='clear: both' \/>\n\t\t<\/div>\n\n","protected":false},"excerpt":{"rendered":"<p class=\"excerpt\">El Ministerio del Ambiente (MAE), en coordinaci\u00f3n con la Fundaci\u00f3n Friedrich-Ebert-Stiftung (FES), mediante su Proyecto Regional de Energ\u00eda y Clima, y su Centro de Competencia en Comunicaci\u00f3n, realiz\u00f3 el primer taller te\u00f3rico &#8211; pr\u00e1ctico sobre cambio clim\u00e1tico dirigido a periodistas y comunicadores de medios de privados y gubernamentales, el pasado 14 y 15 de noviembre. El taller enfocado en los&hellip; <a href=\"https:\/\/www.ambienteyenergia.gob.ec\/ambiente\/mae-realizo-taller-teorico-practico-sobre-cambio-climatico-con-periodistas\/\">Read more &rarr;<\/a><\/p>\n","protected":false},"author":13,"featured_media":16752,"comment_status":"open","ping_status":"open","sticky":false,"template":"","format":"standard","meta":{"footnotes":""},"categories":[16,4],"tags":[],"class_list":["post-16751","post","type-post","status-publish","format-standard","has-post-thumbnail","hentry","category-comunicamos","category-noticias","xfolkentry"],"_links":{"self":[{"href":"https:\/\/www.ambienteyenergia.gob.ec\/ambiente\/wp-json\/wp\/v2\/posts\/16751","targetHints":{"allow":["GET"]}}],"collection":[{"href":"https:\/\/www.ambienteyenergia.gob.ec\/ambiente\/wp-json\/wp\/v2\/posts"}],"about":[{"href":"https:\/\/www.ambienteyenergia.gob.ec\/ambiente\/wp-json\/wp\/v2\/types\/post"}],"author":[{"embeddable":true,"href":"https:\/\/www.ambienteyenergia.gob.ec\/ambiente\/wp-json\/wp\/v2\/users\/13"}],"replies":[{"embeddable":true,"href":"https:\/\/www.ambienteyenergia.gob.ec\/ambiente\/wp-json\/wp\/v2\/comments?post=16751"}],"version-history":[{"count":0,"href":"https:\/\/www.ambienteyenergia.gob.ec\/ambiente\/wp-json\/wp\/v2\/posts\/16751\/revisions"}],"wp:featuredmedia":[{"embeddable":true,"href":"https:\/\/www.ambienteyenergia.gob.ec\/ambiente\/wp-json\/wp\/v2\/media\/16752"}],"wp:attachment":[{"href":"https:\/\/www.ambienteyenergia.gob.ec\/ambiente\/wp-json\/wp\/v2\/media?parent=16751"}],"wp:term":[{"taxonomy":"category","embeddable":true,"href":"https:\/\/www.ambienteyenergia.gob.ec\/ambiente\/wp-json\/wp\/v2\/categories?post=16751"},{"taxonomy":"post_tag","embeddable":true,"href":"https:\/\/www.ambienteyenergia.gob.ec\/ambiente\/wp-json\/wp\/v2\/tags?post=16751"}],"curies":[{"name":"wp","href":"https:\/\/api.w.org\/{rel}","templated":true}]}}