{"id":16725,"date":"2013-11-18T11:01:53","date_gmt":"2013-11-18T16:01:53","guid":{"rendered":"http:\/\/www.ambiente.gob.ec\/?p=16725"},"modified":"2013-11-18T11:01:53","modified_gmt":"2013-11-18T16:01:53","slug":"mae-y-espoch-realizan-investigaciones-para-el-control-biologico-de-plagas-en-la-reserva-chimborazo","status":"publish","type":"post","link":"https:\/\/www.ambienteyenergia.gob.ec\/ambiente\/mae-y-espoch-realizan-investigaciones-para-el-control-biologico-de-plagas-en-la-reserva-chimborazo\/","title":{"rendered":"MAE  y ESPOCH realizan investigaciones para el control biol\u00f3gico de plagas en la Reserva Chimborazo"},"content":{"rendered":"<p style=\"text-align: justify;\">Enmarcados en los Lineamientos Estrat\u00e9gicos Nacionales de Investigaci\u00f3n Ambiental (LENIA) y en el marco del convenio entre el Ministerio del Ambiente (MAE) y la Escuela Superior Polit\u00e9cnica de Chimborazo (ESPOCH), la Direcci\u00f3n Provincial de Chimborazo, realiza estudios de control biol\u00f3gico referente a plagas y enfermedades en la especie nativa Ata (<i>Lorycaria illinissae (Benth.),<\/i>end\u00e9mica de la ceja andina que se encuentra en el \u00e1rea protegida Reserva de Producci\u00f3n de Fauna Chimborazo.<\/p>\n<p style=\"text-align: justify;\">Este estudio de monitoreo se realiza desde el sector del Portal Andino (San Rafael de Chuquipogio) hasta el Centro de Servicios Tur\u00edsticos el Arenal, ingreso principal a al \u00e1rea protegida. Personal de Guardaparques junto con expertos de la unidad de control biol\u00f3gico de la ESPOCH realizan recorridos de control y monitoreo en una distancia de 23 km sobre las faldas del Chimborazo a una altura de 4 225 m.s.n.m.<\/p>\n<p style=\"text-align: justify;\">Hasta el momento se identific\u00f3 en campo y laboratorio la presencia de una plaga vulgarmente conocida como \u201ccochinilla\u201d, de la familia <a href=\"http:\/\/www.invasive.org\/browse\/taxthumb.cfm?fam=187\"><b><i>Eriococcidae<\/i><\/b><\/a><b>, <\/b>genero<b> <i>Eriococcus, <\/i><\/b>especie<b><i> quercus<\/i><\/b>, por lo que esta Cartera de Estado ejecuta acciones de control como:<\/p>\n<p style=\"text-align: justify;\">Seguimiento sobre la din\u00e1mica poblacional de la plaga (estados de desarrollo), en los diferentes meses del a\u00f1o.<\/p>\n<p style=\"text-align: justify;\">Establecer la din\u00e1mica por se\u00f1alamiento de 10 plantas por hect\u00e1rea, en la que por medio de estacas numeradas se realizan muestreos cada mes, en base a la toma de ramas\u00a0 infestadas,\u00a0 contando los insectos en sus diferentes estados de desarrollo huevos, ninfas, adultos mediante la utilizaci\u00f3n de tablas de vida.<\/p>\n","protected":false},"excerpt":{"rendered":"<p class=\"excerpt\">Enmarcados en los Lineamientos Estrat\u00e9gicos Nacionales de Investigaci\u00f3n Ambiental (LENIA) y en el marco del convenio entre el Ministerio del Ambiente (MAE) y la Escuela Superior Polit\u00e9cnica de Chimborazo (ESPOCH), la Direcci\u00f3n Provincial de Chimborazo, realiza estudios de control biol\u00f3gico referente a plagas y enfermedades en la especie nativa Ata (Lorycaria illinissae (Benth.),end\u00e9mica de la ceja andina que se encuentra&hellip; <a href=\"https:\/\/www.ambienteyenergia.gob.ec\/ambiente\/mae-y-espoch-realizan-investigaciones-para-el-control-biologico-de-plagas-en-la-reserva-chimborazo\/\">Read more &rarr;<\/a><\/p>\n","protected":false},"author":13,"featured_media":16726,"comment_status":"open","ping_status":"open","sticky":false,"template":"","format":"standard","meta":{"footnotes":""},"categories":[16,4],"tags":[],"class_list":["post-16725","post","type-post","status-publish","format-standard","has-post-thumbnail","hentry","category-comunicamos","category-noticias","xfolkentry"],"_links":{"self":[{"href":"https:\/\/www.ambienteyenergia.gob.ec\/ambiente\/wp-json\/wp\/v2\/posts\/16725","targetHints":{"allow":["GET"]}}],"collection":[{"href":"https:\/\/www.ambienteyenergia.gob.ec\/ambiente\/wp-json\/wp\/v2\/posts"}],"about":[{"href":"https:\/\/www.ambienteyenergia.gob.ec\/ambiente\/wp-json\/wp\/v2\/types\/post"}],"author":[{"embeddable":true,"href":"https:\/\/www.ambienteyenergia.gob.ec\/ambiente\/wp-json\/wp\/v2\/users\/13"}],"replies":[{"embeddable":true,"href":"https:\/\/www.ambienteyenergia.gob.ec\/ambiente\/wp-json\/wp\/v2\/comments?post=16725"}],"version-history":[{"count":0,"href":"https:\/\/www.ambienteyenergia.gob.ec\/ambiente\/wp-json\/wp\/v2\/posts\/16725\/revisions"}],"wp:featuredmedia":[{"embeddable":true,"href":"https:\/\/www.ambienteyenergia.gob.ec\/ambiente\/wp-json\/wp\/v2\/media\/16726"}],"wp:attachment":[{"href":"https:\/\/www.ambienteyenergia.gob.ec\/ambiente\/wp-json\/wp\/v2\/media?parent=16725"}],"wp:term":[{"taxonomy":"category","embeddable":true,"href":"https:\/\/www.ambienteyenergia.gob.ec\/ambiente\/wp-json\/wp\/v2\/categories?post=16725"},{"taxonomy":"post_tag","embeddable":true,"href":"https:\/\/www.ambienteyenergia.gob.ec\/ambiente\/wp-json\/wp\/v2\/tags?post=16725"}],"curies":[{"name":"wp","href":"https:\/\/api.w.org\/{rel}","templated":true}]}}