{"id":16722,"date":"2013-11-18T10:23:04","date_gmt":"2013-11-18T15:23:04","guid":{"rendered":"http:\/\/www.ambiente.gob.ec\/?p=16722"},"modified":"2013-11-18T10:23:04","modified_gmt":"2013-11-18T15:23:04","slug":"mae-retuvo-90-metros-cubicos-madera-ilegal-en-muisne-esmeraldas","status":"publish","type":"post","link":"https:\/\/www.ambienteyenergia.gob.ec\/ambiente\/mae-retuvo-90-metros-cubicos-madera-ilegal-en-muisne-esmeraldas\/","title":{"rendered":"MAE retuvo 90 metros c\u00fabicos madera ilegal en Muisne (Esmeraldas)"},"content":{"rendered":"<p style=\"text-align: justify;\">Alrededor de 90 metros c\u00fabicos de madera ilegal fueron retenidos en un operativo especial m\u00f3vil realizado por t\u00e9cnicos del Ministerio del Ambiente (MAE), miembros de la Polic\u00eda Nacional y Fuerzas Armadas en los sectores de Tres V\u00edas y Palma Real del cant\u00f3n Muisne, sur de la provincia de Esmeraldas, el pasado s\u00e1bado 16 de noviembre.<\/p>\n<p style=\"text-align: justify;\">La madera fue transportada en camiones trailers hasta el patio Los Laureles, en la ciudad de Esmeraldas. La incursi\u00f3n efectuada por 100 personas, inici\u00f3 a las 06:00 del s\u00e1bado hasta las 02:00 de la madrugada del domingo, d\u00eda en el que sali\u00f3 el \u00faltimo cami\u00f3n con custodia militar de esa zona.<\/p>\n<p style=\"text-align: justify;\">Hace una semana tambi\u00e9n fueron detenidos seis camiones en el sector de Las Golondrinas, en el cant\u00f3n Quinind\u00e9, en controles similares del Ministerio del Ambiente.<\/p>\n<p style=\"text-align: justify;\">Con estas detenciones de madera ilegal se cumple con lo establecido en el Decreto de Excepci\u00f3n Forestal No. 116, para evitar el aprovechamiento irregular del bosque y su tala indiscriminada.<\/p>\n<p style=\"text-align: justify;\">Desde la vigencia del mencionado Decreto, el pasado 23 de septiembre, se ha retenido alrededor de 2 000 m3 de madera en los controles fijos, m\u00f3viles y especiales en toda la provincia de Esmeraldas, manifest\u00f3 Narcisa C\u00e1rdenas, directora provincial del Ministerio del Ambiente.<\/p>\n<p style=\"text-align: justify;\">En los cinco controles fijos, la revisi\u00f3n a los camiones es permanente con la detenci\u00f3n de la madera que no justifique su procedencia.<\/p>\n","protected":false},"excerpt":{"rendered":"<p class=\"excerpt\">Alrededor de 90 metros c\u00fabicos de madera ilegal fueron retenidos en un operativo especial m\u00f3vil realizado por t\u00e9cnicos del Ministerio del Ambiente (MAE), miembros de la Polic\u00eda Nacional y Fuerzas Armadas en los sectores de Tres V\u00edas y Palma Real del cant\u00f3n Muisne, sur de la provincia de Esmeraldas, el pasado s\u00e1bado 16 de noviembre. La madera fue transportada en&hellip; <a href=\"https:\/\/www.ambienteyenergia.gob.ec\/ambiente\/mae-retuvo-90-metros-cubicos-madera-ilegal-en-muisne-esmeraldas\/\">Read more &rarr;<\/a><\/p>\n","protected":false},"author":13,"featured_media":16723,"comment_status":"open","ping_status":"open","sticky":false,"template":"","format":"standard","meta":{"footnotes":""},"categories":[16,4],"tags":[],"class_list":["post-16722","post","type-post","status-publish","format-standard","has-post-thumbnail","hentry","category-comunicamos","category-noticias","xfolkentry"],"_links":{"self":[{"href":"https:\/\/www.ambienteyenergia.gob.ec\/ambiente\/wp-json\/wp\/v2\/posts\/16722","targetHints":{"allow":["GET"]}}],"collection":[{"href":"https:\/\/www.ambienteyenergia.gob.ec\/ambiente\/wp-json\/wp\/v2\/posts"}],"about":[{"href":"https:\/\/www.ambienteyenergia.gob.ec\/ambiente\/wp-json\/wp\/v2\/types\/post"}],"author":[{"embeddable":true,"href":"https:\/\/www.ambienteyenergia.gob.ec\/ambiente\/wp-json\/wp\/v2\/users\/13"}],"replies":[{"embeddable":true,"href":"https:\/\/www.ambienteyenergia.gob.ec\/ambiente\/wp-json\/wp\/v2\/comments?post=16722"}],"version-history":[{"count":0,"href":"https:\/\/www.ambienteyenergia.gob.ec\/ambiente\/wp-json\/wp\/v2\/posts\/16722\/revisions"}],"wp:featuredmedia":[{"embeddable":true,"href":"https:\/\/www.ambienteyenergia.gob.ec\/ambiente\/wp-json\/wp\/v2\/media\/16723"}],"wp:attachment":[{"href":"https:\/\/www.ambienteyenergia.gob.ec\/ambiente\/wp-json\/wp\/v2\/media?parent=16722"}],"wp:term":[{"taxonomy":"category","embeddable":true,"href":"https:\/\/www.ambienteyenergia.gob.ec\/ambiente\/wp-json\/wp\/v2\/categories?post=16722"},{"taxonomy":"post_tag","embeddable":true,"href":"https:\/\/www.ambienteyenergia.gob.ec\/ambiente\/wp-json\/wp\/v2\/tags?post=16722"}],"curies":[{"name":"wp","href":"https:\/\/api.w.org\/{rel}","templated":true}]}}