{"id":16716,"date":"2013-11-18T09:52:31","date_gmt":"2013-11-18T14:52:31","guid":{"rendered":"http:\/\/www.ambiente.gob.ec\/?p=16716"},"modified":"2013-11-18T15:29:17","modified_gmt":"2013-11-18T20:29:17","slug":"limpieza-submarina-se-realizo-en-el-parque-nacional-machalilla","status":"publish","type":"post","link":"https:\/\/www.ambienteyenergia.gob.ec\/ambiente\/limpieza-submarina-se-realizo-en-el-parque-nacional-machalilla\/","title":{"rendered":"Limpieza submarina se realiz\u00f3 en el Parque Nacional Machalilla"},"content":{"rendered":"<p style=\"text-align: justify;\">Un equipo de buzos de la Subsecretar\u00eda de Gesti\u00f3n Marina y Costera, la Subsecretar\u00eda de Recursos Pesqueros y del Parque Nacional Machalilla del Ministerio del Ambiente (MAE), realiz\u00f3 el pasado 14 y 15 de noviembre, una jornada de limpieza submarina en el Parque Nacional Machalilla, en Puerto L\u00f3pez, provincia de Manab\u00ed. En esta actividad se constat\u00f3 la existencia de basura marina y pesquera existente, la cual fue retirada de los fondos del mar.<\/p>\n<p style=\"text-align: justify;\">La limpieza submarina se desarroll\u00f3 en los bajos rocosos de las zonas El Acuario, en la isla de la Plata y La Parcela, en la isla Salango. En las \u00e1reas, se encontr\u00f3 principalmente, ropa, sogas, hilos y mallas de pesca, entre otros desechos marinos y pesqueros.<\/p>\n<p style=\"text-align: justify;\">Los desechos s\u00f3lidos en el fondo del mar pueden afectar tanto al n\u00famero como al tipo de organismos que all\u00ed habitan. Pl\u00e1stico, latas, vidrios y otros desperdicios pueden sofocar plantas y organismos s\u00e9siles, dando lugar a zonas desiertas sin ning\u00fan tipo de vida. Restos de redes, bolsas, ropas, etc., pueden envolverse alrededor de un coral vivo, asfixiar a los organismos y romper las estructuras coralinas que lo componen.<\/p>\n<p style=\"text-align: justify;\">Cangrejos, peces, medusas, estrellas de mar, entre otros organismos de todo tipo de tama\u00f1o, como las enormes ballenas, pueden enredarse o cortarse y ser afectados por la basura marina. Buzos y nadadores pueden quedar atrapados por restos de redes o cuerdas y limitar sus movimientos, causarles heridas, mutilaciones y hasta la muerte por cansancio o ahogamiento.<\/p>\n<p style=\"text-align: justify;\">Seg\u00fan su naturaleza, los objetos se degradan a un ritmo diferente; \u00e9stos causar\u00e1n da\u00f1o el tiempo que permanezcan en el medio marino. A mayor permanencia, mayor es la amenaza para el hombre, la vida silvestre y los ecosistemas.<\/p>\n<p style=\"text-align: justify;\">Por ello, es vital mantener las playas limpias y no arrojar desechos al mar. Juntos podemos evitar que las costas y el mar sufran problemas ocasionados por el hombre.<\/p>\n<p style=\"text-align: justify;\">El MAE como principal autoridad ambiental ejecuta constantemente trabajos de limpieza submarina en \u00e1reas protegidas marino costeras con el fin de prevenir da\u00f1os en los ecosistemas. <b><\/b><\/p>\n<p style=\"text-align: justify;\"><b><div id='gallery-1' class='gallery galleryid-16716 gallery-columns-3 gallery-size-thumbnail'><dl class='gallery-item'>\n\t\t\t<dt class='gallery-icon landscape'>\n\t\t\t\t<a href='https:\/\/www.ambienteyenergia.gob.ec\/ambiente\/limpieza-submarina-se-realizo-en-el-parque-nacional-machalilla\/img-20131115-wa000\/'><img loading=\"lazy\" decoding=\"async\" width=\"150\" height=\"150\" src=\"https:\/\/www.ambienteyenergia.gob.ec\/ambiente\/wp-content\/uploads\/sites\/2\/2013\/11\/IMG-20131115-WA000-150x150.jpg\" class=\"attachment-thumbnail size-thumbnail\" alt=\"\" \/><\/a>\n\t\t\t<\/dt><\/dl><dl class='gallery-item'>\n\t\t\t<dt class='gallery-icon landscape'>\n\t\t\t\t<a href='https:\/\/www.ambienteyenergia.gob.ec\/ambiente\/limpieza-submarina-se-realizo-en-el-parque-nacional-machalilla\/img-20131115-wa006\/'><img loading=\"lazy\" decoding=\"async\" width=\"150\" height=\"150\" src=\"https:\/\/www.ambienteyenergia.gob.ec\/ambiente\/wp-content\/uploads\/sites\/2\/2013\/11\/IMG-20131115-WA006-150x150.jpg\" class=\"attachment-thumbnail size-thumbnail\" alt=\"\" \/><\/a>\n\t\t\t<\/dt><\/dl>\n\t\t\t<br style='clear: both' \/>\n\t\t<\/div>\n<\/p>\n<p><\/b><\/p>\n<p>&nbsp;<\/p>\n<p style=\"text-align: justify;\"><b>\u00a0<\/b><\/p>\n<p style=\"text-align: justify;\">\n","protected":false},"excerpt":{"rendered":"<p class=\"excerpt\">Un equipo de buzos de la Subsecretar\u00eda de Gesti\u00f3n Marina y Costera, la Subsecretar\u00eda de Recursos Pesqueros y del Parque Nacional Machalilla del Ministerio del Ambiente (MAE), realiz\u00f3 el pasado 14 y 15 de noviembre, una jornada de limpieza submarina en el Parque Nacional Machalilla, en Puerto L\u00f3pez, provincia de Manab\u00ed. En esta actividad se constat\u00f3 la existencia de basura&hellip; <a href=\"https:\/\/www.ambienteyenergia.gob.ec\/ambiente\/limpieza-submarina-se-realizo-en-el-parque-nacional-machalilla\/\">Read more &rarr;<\/a><\/p>\n","protected":false},"author":13,"featured_media":16717,"comment_status":"open","ping_status":"open","sticky":false,"template":"","format":"standard","meta":{"footnotes":""},"categories":[16,4],"tags":[],"class_list":["post-16716","post","type-post","status-publish","format-standard","has-post-thumbnail","hentry","category-comunicamos","category-noticias","xfolkentry"],"_links":{"self":[{"href":"https:\/\/www.ambienteyenergia.gob.ec\/ambiente\/wp-json\/wp\/v2\/posts\/16716","targetHints":{"allow":["GET"]}}],"collection":[{"href":"https:\/\/www.ambienteyenergia.gob.ec\/ambiente\/wp-json\/wp\/v2\/posts"}],"about":[{"href":"https:\/\/www.ambienteyenergia.gob.ec\/ambiente\/wp-json\/wp\/v2\/types\/post"}],"author":[{"embeddable":true,"href":"https:\/\/www.ambienteyenergia.gob.ec\/ambiente\/wp-json\/wp\/v2\/users\/13"}],"replies":[{"embeddable":true,"href":"https:\/\/www.ambienteyenergia.gob.ec\/ambiente\/wp-json\/wp\/v2\/comments?post=16716"}],"version-history":[{"count":0,"href":"https:\/\/www.ambienteyenergia.gob.ec\/ambiente\/wp-json\/wp\/v2\/posts\/16716\/revisions"}],"wp:featuredmedia":[{"embeddable":true,"href":"https:\/\/www.ambienteyenergia.gob.ec\/ambiente\/wp-json\/wp\/v2\/media\/16717"}],"wp:attachment":[{"href":"https:\/\/www.ambienteyenergia.gob.ec\/ambiente\/wp-json\/wp\/v2\/media?parent=16716"}],"wp:term":[{"taxonomy":"category","embeddable":true,"href":"https:\/\/www.ambienteyenergia.gob.ec\/ambiente\/wp-json\/wp\/v2\/categories?post=16716"},{"taxonomy":"post_tag","embeddable":true,"href":"https:\/\/www.ambienteyenergia.gob.ec\/ambiente\/wp-json\/wp\/v2\/tags?post=16716"}],"curies":[{"name":"wp","href":"https:\/\/api.w.org\/{rel}","templated":true}]}}