{"id":16713,"date":"2013-11-18T09:40:23","date_gmt":"2013-11-18T14:40:23","guid":{"rendered":"http:\/\/www.ambiente.gob.ec\/?p=16713"},"modified":"2013-11-18T09:40:23","modified_gmt":"2013-11-18T14:40:23","slug":"galapagos-forma-parte-de-las-reservas-naturales-insustituibles-en-el-planeta","status":"publish","type":"post","link":"https:\/\/www.ambienteyenergia.gob.ec\/ambiente\/galapagos-forma-parte-de-las-reservas-naturales-insustituibles-en-el-planeta\/","title":{"rendered":"Gal\u00e1pagos forma parte de las reservas naturales insustituibles en el planeta"},"content":{"rendered":"<p style=\"text-align: justify;\"><em>Estudio revela que est\u00e1 entre las \u00e1reas protegidas m\u00e1s importantes para prevenir la extinci\u00f3n de las especies m\u00e1s amenazadas del planeta.<\/em><\/p>\n<p style=\"text-align: justify;\">Un estudio, publicado en la \u00faltima edici\u00f3n de la revista cient\u00edfica Science, incluye al archipi\u00e9lago de Gal\u00e1pagos entre las 78 \u00e1reas protegidas m\u00e1s importantes y reconocidas como \u00abexcepcionalmente insustituibles\u00bb, desde el punto de vista de su biodiversidad.<\/p>\n<p style=\"text-align: justify;\">Seg\u00fan Le Saout et al. (2013) el estudio est\u00e1 basado en 173 000 regiones protegidas y las evaluaciones de 21 500 especies que constan en la Lista Roja de Especies Amenazadas, de la Uni\u00f3n Internacional para la Conservaci\u00f3n de la Naturaleza (UICN).<\/p>\n<p style=\"text-align: justify;\">Estos 78 sitios, ubicados en 34 pa\u00edses, en conjunto, albergan a la mayor\u00eda de poblaciones de m\u00e1s de 600 especies de aves, anfibios, reptiles y mam\u00edferos que est\u00e1n m\u00e1s amenazadas globalmente.<\/p>\n<p style=\"text-align: justify;\">El Parque Nacional y la Resera Marina de Gal\u00e1pagos, que est\u00e1n protegidos por el Gobierno Ecuatoriano, a trav\u00e9s de la Direcci\u00f3n del Parque Nacional Gal\u00e1pagos, se encuentran entre las \u00e1reas insustituibles que est\u00e1n designadas el Centro de Patrimonio de la UNESCO como Patrimonio Natural de la Humanidad por su \u00abvalor universal excepcional\u00bb, cabe indicar que entre estas tambi\u00e9n est\u00e1n el Parque Nacional del Man\u00fa (Per\u00fa) y las Ghats occidentales (India).<\/p>\n<p style=\"text-align: justify;\">A trav\u00e9s de este an\u00e1lisis los autores resaltan la importancia de asegurar una gesti\u00f3n adecuada de las \u00e1reas protegidas, y en especial de aquellas m\u00e1s irremplazables, destaca Ana Rodr\u00edgues, coautora del estudio que publica la revista Science e investigadora del Centro de Ecolog\u00eda Funcional y Evolutiva, en declaraciones al Servicio de Informaci\u00f3n y Noticias Cient\u00edfica (SINC).<\/p>\n<p style=\"text-align: justify;\">Agrega que para que un lugar sea designado como Patrimonio de la Humanidad debe cumplir con unos rigurosos est\u00e1ndares de integridad y de gesti\u00f3n. \u00abAdem\u00e1s, estas normas deben ser mantenidas en el tiempo o se perder\u00e1 dicha condici\u00f3n. Por lo tanto, este reconocimiento ser\u00eda un poderoso mecanismo para garantizar la adecuada protecci\u00f3n de los lugares que hemos identificado, en el largo plazo\u201d, argumenta la experta al medio.<\/p>\n<p style=\"text-align: justify;\">De acuerdo al autor principal del estudio, Soizic Le Saout, \u00abtodos estos lugares excepcionales ser\u00edan fuertes candidatos a Patrimonio de la Humanidad\u00bb.<\/p>\n<p style=\"text-align: justify;\">De acuerdo con el responsable del Departamento de Investigaci\u00f3n Aplicada de la DPNG, los autores hacen \u00e9nfasis en las recomendaciones para que los gobiernos incrementen los esfuerzos de gesti\u00f3n entre y dentro de las \u00e1reas protegidas existentes, para reforzar su contribuci\u00f3n colectiva a la prevenci\u00f3n de la extinci\u00f3n de especies globales. Esto ya ha sido contemplado por la DPNG en el Plan de Manejo de las \u00c1reas Protegidas de Gal\u00e1pagos, herramienta que promueve una gesti\u00f3n integral y a diferentes escalas espacio-temporales<\/p>\n<p style=\"text-align: justify;\">\n<p style=\"text-align: justify;\">\n<p style=\"text-align: justify;\">\n","protected":false},"excerpt":{"rendered":"<p class=\"excerpt\">Estudio revela que est\u00e1 entre las \u00e1reas protegidas m\u00e1s importantes para prevenir la extinci\u00f3n de las especies m\u00e1s amenazadas del planeta. Un estudio, publicado en la \u00faltima edici\u00f3n de la revista cient\u00edfica Science, incluye al archipi\u00e9lago de Gal\u00e1pagos entre las 78 \u00e1reas protegidas m\u00e1s importantes y reconocidas como \u00abexcepcionalmente insustituibles\u00bb, desde el punto de vista de su biodiversidad. Seg\u00fan Le&hellip; <a href=\"https:\/\/www.ambienteyenergia.gob.ec\/ambiente\/galapagos-forma-parte-de-las-reservas-naturales-insustituibles-en-el-planeta\/\">Read more &rarr;<\/a><\/p>\n","protected":false},"author":13,"featured_media":16714,"comment_status":"open","ping_status":"open","sticky":false,"template":"","format":"standard","meta":{"footnotes":""},"categories":[16,4],"tags":[],"class_list":["post-16713","post","type-post","status-publish","format-standard","has-post-thumbnail","hentry","category-comunicamos","category-noticias","xfolkentry"],"_links":{"self":[{"href":"https:\/\/www.ambienteyenergia.gob.ec\/ambiente\/wp-json\/wp\/v2\/posts\/16713","targetHints":{"allow":["GET"]}}],"collection":[{"href":"https:\/\/www.ambienteyenergia.gob.ec\/ambiente\/wp-json\/wp\/v2\/posts"}],"about":[{"href":"https:\/\/www.ambienteyenergia.gob.ec\/ambiente\/wp-json\/wp\/v2\/types\/post"}],"author":[{"embeddable":true,"href":"https:\/\/www.ambienteyenergia.gob.ec\/ambiente\/wp-json\/wp\/v2\/users\/13"}],"replies":[{"embeddable":true,"href":"https:\/\/www.ambienteyenergia.gob.ec\/ambiente\/wp-json\/wp\/v2\/comments?post=16713"}],"version-history":[{"count":0,"href":"https:\/\/www.ambienteyenergia.gob.ec\/ambiente\/wp-json\/wp\/v2\/posts\/16713\/revisions"}],"wp:featuredmedia":[{"embeddable":true,"href":"https:\/\/www.ambienteyenergia.gob.ec\/ambiente\/wp-json\/wp\/v2\/media\/16714"}],"wp:attachment":[{"href":"https:\/\/www.ambienteyenergia.gob.ec\/ambiente\/wp-json\/wp\/v2\/media?parent=16713"}],"wp:term":[{"taxonomy":"category","embeddable":true,"href":"https:\/\/www.ambienteyenergia.gob.ec\/ambiente\/wp-json\/wp\/v2\/categories?post=16713"},{"taxonomy":"post_tag","embeddable":true,"href":"https:\/\/www.ambienteyenergia.gob.ec\/ambiente\/wp-json\/wp\/v2\/tags?post=16713"}],"curies":[{"name":"wp","href":"https:\/\/api.w.org\/{rel}","templated":true}]}}