{"id":16710,"date":"2013-11-18T09:31:18","date_gmt":"2013-11-18T14:31:18","guid":{"rendered":"http:\/\/www.ambiente.gob.ec\/?p=16710"},"modified":"2013-11-18T09:31:18","modified_gmt":"2013-11-18T14:31:18","slug":"mae-y-scc-capacitaron-a-estudiantes-en-temas-de-conservacion-animal-en-el-oro","status":"publish","type":"post","link":"https:\/\/www.ambienteyenergia.gob.ec\/ambiente\/mae-y-scc-capacitaron-a-estudiantes-en-temas-de-conservacion-animal-en-el-oro\/","title":{"rendered":"MAE y SCC capacitaron a estudiantes en temas de conservaci\u00f3n animal en El Oro"},"content":{"rendered":"<p style=\"text-align: justify;\">El Ministerio del Ambiente (MAE), a trav\u00e9s de la Direcci\u00f3n Provincial de El Oro, capacit\u00f3 a ni\u00f1os y ni\u00f1as de sexto y s\u00e9ptimo a\u00f1o de educaci\u00f3n b\u00e1sica de distintas instituciones educativas de la provincia sobre temas de conservaci\u00f3n y protecci\u00f3n animal, el pasado 14 y 15 de noviembre, en el marco de la celebraci\u00f3n de la vida animal. El objetivo fue priorizar en los estudiantes la importancia de conservar la naturaleza y todo lo que en ella habita.<\/p>\n<p style=\"text-align: justify;\">Los alumnos de las escuelas H\u00e9roes de Paquisha, Ciudad de Machala y Luz de Am\u00e9rica, participaron activamente de estas jornadas de trabajo, en las que se trataron temas como las actitudes de valoraci\u00f3n y respeto por los animales.<\/p>\n<p style=\"text-align: justify;\">El proyecto fue ejecutado por t\u00e9cnicos de la Unidad de Patrimonio Natural de Direcci\u00f3n Provincial del Ambiente de El Oro, con colaboraci\u00f3n de los voluntarios del Servicio Civil Ciudadano &#8211; Gesti\u00f3n Ambiental, quienes\u00a0 uniendo esfuerzos desarrollan estas\u00a0 actividades ecol\u00f3gicas en\u00a0 beneficio de la comunidad educativa.<\/p>\n<p style=\"text-align: justify;\">Roberto Marcos, Director Provincial del Ambiente de El Oro, expres\u00f3 que estas actividades ecol\u00f3gicas tienen como finalidad recordar a las personas la relaci\u00f3n que existe entre los animales y el ser humano. Asimismo, afirm\u00f3 que este tipo de iniciativas pretenden disminuir la desaparici\u00f3n de las especies y concienciar a las personas sobre la necesidad de protegerlos.<\/p>\n<p style=\"text-align: justify;\">\n","protected":false},"excerpt":{"rendered":"<p class=\"excerpt\">El Ministerio del Ambiente (MAE), a trav\u00e9s de la Direcci\u00f3n Provincial de El Oro, capacit\u00f3 a ni\u00f1os y ni\u00f1as de sexto y s\u00e9ptimo a\u00f1o de educaci\u00f3n b\u00e1sica de distintas instituciones educativas de la provincia sobre temas de conservaci\u00f3n y protecci\u00f3n animal, el pasado 14 y 15 de noviembre, en el marco de la celebraci\u00f3n de la vida animal. El objetivo&hellip; <a href=\"https:\/\/www.ambienteyenergia.gob.ec\/ambiente\/mae-y-scc-capacitaron-a-estudiantes-en-temas-de-conservacion-animal-en-el-oro\/\">Read more &rarr;<\/a><\/p>\n","protected":false},"author":13,"featured_media":16711,"comment_status":"open","ping_status":"open","sticky":false,"template":"","format":"standard","meta":{"footnotes":""},"categories":[16,4],"tags":[],"class_list":["post-16710","post","type-post","status-publish","format-standard","has-post-thumbnail","hentry","category-comunicamos","category-noticias","xfolkentry"],"_links":{"self":[{"href":"https:\/\/www.ambienteyenergia.gob.ec\/ambiente\/wp-json\/wp\/v2\/posts\/16710","targetHints":{"allow":["GET"]}}],"collection":[{"href":"https:\/\/www.ambienteyenergia.gob.ec\/ambiente\/wp-json\/wp\/v2\/posts"}],"about":[{"href":"https:\/\/www.ambienteyenergia.gob.ec\/ambiente\/wp-json\/wp\/v2\/types\/post"}],"author":[{"embeddable":true,"href":"https:\/\/www.ambienteyenergia.gob.ec\/ambiente\/wp-json\/wp\/v2\/users\/13"}],"replies":[{"embeddable":true,"href":"https:\/\/www.ambienteyenergia.gob.ec\/ambiente\/wp-json\/wp\/v2\/comments?post=16710"}],"version-history":[{"count":0,"href":"https:\/\/www.ambienteyenergia.gob.ec\/ambiente\/wp-json\/wp\/v2\/posts\/16710\/revisions"}],"wp:featuredmedia":[{"embeddable":true,"href":"https:\/\/www.ambienteyenergia.gob.ec\/ambiente\/wp-json\/wp\/v2\/media\/16711"}],"wp:attachment":[{"href":"https:\/\/www.ambienteyenergia.gob.ec\/ambiente\/wp-json\/wp\/v2\/media?parent=16710"}],"wp:term":[{"taxonomy":"category","embeddable":true,"href":"https:\/\/www.ambienteyenergia.gob.ec\/ambiente\/wp-json\/wp\/v2\/categories?post=16710"},{"taxonomy":"post_tag","embeddable":true,"href":"https:\/\/www.ambienteyenergia.gob.ec\/ambiente\/wp-json\/wp\/v2\/tags?post=16710"}],"curies":[{"name":"wp","href":"https:\/\/api.w.org\/{rel}","templated":true}]}}