{"id":16702,"date":"2013-11-16T13:42:14","date_gmt":"2013-11-16T18:42:14","guid":{"rendered":"http:\/\/www.ambiente.gob.ec\/?p=16702"},"modified":"2013-11-16T14:01:24","modified_gmt":"2013-11-16T19:01:24","slug":"el-mae-es-parte-de-la-red-sudamericana-de-fiscalizacion-y-cumplimiento-ambiental","status":"publish","type":"post","link":"https:\/\/www.ambienteyenergia.gob.ec\/ambiente\/el-mae-es-parte-de-la-red-sudamericana-de-fiscalizacion-y-cumplimiento-ambiental\/","title":{"rendered":"El MAE es parte de la Red Sudamericana de Fiscalizaci\u00f3n y Cumplimiento Ambiental"},"content":{"rendered":"<p style=\"text-align: justify;\">El edificio de la Comisi\u00f3n Econ\u00f3mica para Am\u00e9rica Latina y el Caribe (CEPAL), ubicado en Santiago, Chile, fue la sede de la Reuni\u00f3n de la Red Sudamericana de Fiscalizaci\u00f3n y Cumplimiento Ambiental que se llev\u00f3 a cabo entre el 5 y 6 de noviembre de este a\u00f1o.<\/p>\n<p style=\"text-align: justify;\">Durante la apertura del evento la ministra del Medio Ambiente de Chile, Mar\u00eda Ignacia Ben\u00edtez, destac\u00f3 a la organizaci\u00f3n de redes regionales como una herramienta efectiva para obtener objetivos comunes relacionados al medioambiente y su sostenibilidad. Adem\u00e1s manifest\u00f3 que \u00abreunir a funcionarios gubernamentales de diferentes pa\u00edses, con metas y formaciones comunes, potencia sus capacidades, aumentando el efecto regulatorio de los organismos miembros\u00bb.<\/p>\n<p style=\"text-align: justify;\">A la reuni\u00f3n liderada por la Superintendencia del Medio Ambiente de Chile y la Agencia Ambiental de Estados Unidos (EPA) acudieron: el Ministerio del Ambiente de Ecuador, la Autoridad Nacional de Licencias Ambientales de Colombia (ANLA) y el Organismo de Evaluaci\u00f3n y Fiscalizaci\u00f3n Ambiental de Per\u00fa (OEFA). El evento tambi\u00e9n cont\u00f3 con la colaboraci\u00f3n y participaci\u00f3n de la Red Internacional de Fiscalizaci\u00f3n y Cumplimiento Ambiental (INECE), la Agencia de Protecci\u00f3n Ambiental de los Estados Unidos (USEPA), la Organizaci\u00f3n de Estados Americanos (OEA), la Oficina Regional del Medio Ambiente de la Embajada de Estados Unidos en Lima, Per\u00fa, las Embajadas de Canad\u00e1 y Estados Unidos en Santiago de Chile, la Red Latinoamericana de Ministerio P\u00fablico Ambiental, el Ministerio de Relaciones Exteriores de Chile y la CEPAL.<\/p>\n<p style=\"text-align: justify;\">El objetivo de la RED es aumentar la cooperaci\u00f3n en lo relacionado a fiscalizaci\u00f3n y cumplimiento ambiental. Esto implica el avance e inclusi\u00f3n de mejores pr\u00e1cticas en fiscalizaci\u00f3n, proyectos de capacitaci\u00f3n y entrenamiento conjunto, incentivos para el cumplimiento ambiental y mecanismos para fiscalizar proyectos transfronterizos, entre otros.<\/p>\n<p style=\"text-align: justify;\">Para lograr los objetivos trazados se constituyeron mesas de trabajo con representantes de las diferentes instituciones fiscalizadoras ambientales de Per\u00fa, Colombia, Ecuador y Chile.<\/p>\n<p style=\"text-align: justify;\">Al finalizar el encuentro se firm\u00f3 el documento que da nacimiento a la Red en la Declaraci\u00f3n de Santiago.<\/p>\n<p style=\"text-align: justify; padding-left: 30px;\"><strong>Declaraci\u00f3n de Santiago.<\/strong><\/p>\n<p style=\"text-align: justify; padding-left: 30px;\">En Santiago de Chile, al t\u00e9rmino de la ronda preparatoria organizada por la Superintendencia del Medio Ambiente de Chile y con la participaci\u00f3n de la Autoridad Nacional de Licencias Ambientales de Colombia, el Ministerio del Ambiente de Ecuador y el Organismo de Evaluaci\u00f3n y Fiscalizaci\u00f3n Ambiental de Per\u00fa, celebrada en la sede de la CEPAL (Comisi\u00f3n Econ\u00f3mica para Am\u00e9rica Latina y el Caribe) los d\u00edas 5 y 6 de noviembre de 2013, los representantes de las entidades mencionadas anteriormente suscribieron la declaraci\u00f3n en la que constituyen la Red Sudamericana de Fiscalizaci\u00f3n y Cumplimiento Ambiental.<\/p>\n<p style=\"text-align: justify;\">Se acord\u00f3 adem\u00e1s que la Secretar\u00eda pro tempore queda a cargo de la Superintendencia del Medio Ambiente de Chile. La pr\u00f3xima reuni\u00f3n se realizar\u00e1 a fines del 2014 en Per\u00fa y la subsiguiente se llevar\u00e1 a cabo en Colombia.<\/p>\n<p style=\"text-align: justify;\">\n","protected":false},"excerpt":{"rendered":"<p class=\"excerpt\">El edificio de la Comisi\u00f3n Econ\u00f3mica para Am\u00e9rica Latina y el Caribe (CEPAL), ubicado en Santiago, Chile, fue la sede de la Reuni\u00f3n de la Red Sudamericana de Fiscalizaci\u00f3n y Cumplimiento Ambiental que se llev\u00f3 a cabo entre el 5 y 6 de noviembre de este a\u00f1o. Durante la apertura del evento la ministra del Medio Ambiente de Chile, Mar\u00eda&hellip; <a href=\"https:\/\/www.ambienteyenergia.gob.ec\/ambiente\/el-mae-es-parte-de-la-red-sudamericana-de-fiscalizacion-y-cumplimiento-ambiental\/\">Read more &rarr;<\/a><\/p>\n","protected":false},"author":13,"featured_media":16703,"comment_status":"open","ping_status":"open","sticky":false,"template":"","format":"standard","meta":{"footnotes":""},"categories":[16,4],"tags":[151,300,53,54],"class_list":["post-16702","post","type-post","status-publish","format-standard","has-post-thumbnail","hentry","category-comunicamos","category-noticias","tag-chile","tag-control-ambiental","tag-mae","tag-ministerio-del-ambiente","xfolkentry"],"_links":{"self":[{"href":"https:\/\/www.ambienteyenergia.gob.ec\/ambiente\/wp-json\/wp\/v2\/posts\/16702","targetHints":{"allow":["GET"]}}],"collection":[{"href":"https:\/\/www.ambienteyenergia.gob.ec\/ambiente\/wp-json\/wp\/v2\/posts"}],"about":[{"href":"https:\/\/www.ambienteyenergia.gob.ec\/ambiente\/wp-json\/wp\/v2\/types\/post"}],"author":[{"embeddable":true,"href":"https:\/\/www.ambienteyenergia.gob.ec\/ambiente\/wp-json\/wp\/v2\/users\/13"}],"replies":[{"embeddable":true,"href":"https:\/\/www.ambienteyenergia.gob.ec\/ambiente\/wp-json\/wp\/v2\/comments?post=16702"}],"version-history":[{"count":0,"href":"https:\/\/www.ambienteyenergia.gob.ec\/ambiente\/wp-json\/wp\/v2\/posts\/16702\/revisions"}],"wp:featuredmedia":[{"embeddable":true,"href":"https:\/\/www.ambienteyenergia.gob.ec\/ambiente\/wp-json\/wp\/v2\/media\/16703"}],"wp:attachment":[{"href":"https:\/\/www.ambienteyenergia.gob.ec\/ambiente\/wp-json\/wp\/v2\/media?parent=16702"}],"wp:term":[{"taxonomy":"category","embeddable":true,"href":"https:\/\/www.ambienteyenergia.gob.ec\/ambiente\/wp-json\/wp\/v2\/categories?post=16702"},{"taxonomy":"post_tag","embeddable":true,"href":"https:\/\/www.ambienteyenergia.gob.ec\/ambiente\/wp-json\/wp\/v2\/tags?post=16702"}],"curies":[{"name":"wp","href":"https:\/\/api.w.org\/{rel}","templated":true}]}}