{"id":16670,"date":"2013-11-14T19:26:29","date_gmt":"2013-11-15T00:26:29","guid":{"rendered":"http:\/\/www.ambiente.gob.ec\/?p=16670"},"modified":"2013-11-18T16:54:02","modified_gmt":"2013-11-18T21:54:02","slug":"ministra-lorena-tapia-fortalece-relacion-con-peru-en-temas-ambientales-en-el-vii-gabinete-binacional-de-ministros","status":"publish","type":"post","link":"https:\/\/www.ambienteyenergia.gob.ec\/ambiente\/ministra-lorena-tapia-fortalece-relacion-con-peru-en-temas-ambientales-en-el-vii-gabinete-binacional-de-ministros\/","title":{"rendered":"Ministra, Lorena Tapia,  fortalece relaci\u00f3n con Per\u00fa en temas ambientales en el   VII Gabinete Binacional de Ministros"},"content":{"rendered":"<p style=\"text-align: justify;\">Hoy, la Ministra del Ambiente de Ecuador, Lorena Tapia, realiz\u00f3 una visita oficial a Per\u00fa, para participar en el Encuentro Presidencial y VII Gabinete Binacional de Ministros Per\u00fa &#8211; Ecuador, el cual se desarroll\u00f3 en el Hotel Costa del Sol en la ciudad de Piura. El objetivo de este encuentro fue analizar mecanismos que permitan mejorar la integraci\u00f3n y la calidad de vida de la poblaci\u00f3n de ambos pa\u00edses dando seguimiento a los compromisos binacionales adquiridos en el pasado Encuentro realizado en Cuenca.<\/p>\n<p style=\"text-align: justify;\">El encuentro binacional proporcion\u00f3 pautas para trabajar en pol\u00edticas de inclusi\u00f3n social, seguridad, confianza mutua, intercambio de experiencias, cooperaci\u00f3n en m\u00faltiples \u00e1reas y sectores, infraestructura de integraci\u00f3n vial, y el crecimiento sostenido del comercio y las inversiones.<\/p>\n<p style=\"text-align: justify;\">Los Se\u00f1ores\u00a0 Presidentes Rafael Correa y Ollanta Humala de Ecuador y Per\u00fa respectivamente, asistieron al encuentro. Siendo el Presidente anfitri\u00f3n quien inaugur\u00f3 el evento con la bienvenida a los asistentes y dio paso a las presentaciones de los ejes de cooperaci\u00f3n Social, Infraestructura, Productividad, Ambiente, Defensa y Seguridad.<\/p>\n<p style=\"text-align: justify;\">El Presidente Correa pidi\u00f3 a las instituciones ambientales de cada pa\u00eds trabajar en conjunto en planes de control y lucha contra la miner\u00eda ilegal y formalizaci\u00f3n de la miner\u00eda informal.<\/p>\n<p style=\"text-align: justify;\">Resalt\u00f3 la importancia de la planificaci\u00f3n conjunta en temas de agua y ambiente en la zona de frontera con Per\u00fa, exhort\u00f3 -adem\u00e1s- a trabajar en equipo para lograr constituir un mayor avance en los temas de cooperaci\u00f3n en temas ambientales.<\/p>\n<p style=\"text-align: justify;\"><strong>Avances en la gesti\u00f3n del Ministerio del Ambiente del Ecuador<\/strong><\/p>\n<p style=\"text-align: justify;\">La Ministra Lorena Tapia, por su parte, \u00a0resalt\u00f3 el trabajo que realiza el Programa Nacional de Gesti\u00f3n de Desechos S\u00f3lidos (PNGIDS) en el manejo adecuado de los residuos s\u00f3lidos en conjunto con los Gobiernos Aut\u00f3nomos Descentralizados en la zona de frontera e inform\u00f3 que est\u00e1 previsto el cierre de botaderos de la zona el pr\u00f3ximo a\u00f1o.<\/p>\n<p style=\"text-align: justify;\">Se reconoci\u00f3 el avance en la construcci\u00f3n de la relavera El Tabl\u00f3n en el distrito Zaruma \u2013 Portovelo la cual deber\u00e1 ser implementada hasta inicios del 2014. \u00abExiste el compromiso de seguir trabajando en temas de pasivos ambientales, la creaci\u00f3n de una Red de \u00c1reas Protegidas, aguas residuales y continuar con el trabajo para la gesti\u00f3n integral de residuos s\u00f3lidos\u00bb, asegur\u00f3 la Ministra Lorena Tapia.<\/p>\n<p style=\"text-align: justify;\"><strong>PRINCIPALES COMPROMISOS AVANZAN ENTRE\u00a0 PER\u00da Y ECUADOR<\/strong><\/p>\n<p style=\"text-align: justify;\"><strong><i><span style=\"text-decoration: underline;\">Miner\u00eda Ilegal Transfronteriza<\/span><\/i><\/strong><\/p>\n<p style=\"text-align: justify;\"><strong>Avances:<\/strong><b>\u00a0 <\/b><\/p>\n<ul style=\"text-align: justify;\">\n<li>Regularizaci\u00f3n de 69 plantas de beneficio en la zona de Zaruma \u2013 Portovelo.<\/li>\n<li>Construcci\u00f3n de la relavera El Tabl\u00f3n.<\/li>\n<li>Reforestaci\u00f3n\u00a0 de 2,596.87\u00a0 Ha en las Cuencas Puyango \u2013 Tumbes y Catamayo-Chira.<\/li>\n<li>Promulgaci\u00f3n de normativa peruana que erradica la actividad minera ilegal y promueve la formalizaci\u00f3n de la miner\u00eda informal y creaci\u00f3n de la Direcci\u00f3n General de Formalizaci\u00f3n Minera en el MINEM.<\/li>\n<li>Se resalt\u00f3 la firma de ambos pa\u00edses del Convenio de Minamata.<\/li>\n<\/ul>\n<p style=\"text-align: justify;\"><b>\u00a0<\/b><\/p>\n<p style=\"text-align: justify;\"><strong><i><span style=\"text-decoration: underline;\">Gesti\u00f3n de Residuos S\u00f3lidos<\/span><\/i><\/strong><\/p>\n<p style=\"text-align: justify;\"><strong>Avances:\u00a0 <\/strong><\/p>\n<ul style=\"text-align: justify;\">\n<li>Ejecuci\u00f3n de proyectos en el mejoramiento de la infraestructura para la\u00a0 disposici\u00f3n de residuos s\u00f3lidos en las mancomunidades municipales de\u00a0 Ayabaca (Piura) y de la Cuenca Alta del Catamayo (Loja).<\/li>\n<li>Estudios de pre inversi\u00f3n para cierre t\u00e9cnico\u00a0 de botaderos y dise\u00f1o de celdas emergentes (Ecuador).<\/li>\n<li>Estudio de pre inversi\u00f3n para los dise\u00f1os definitivos de GIRS para la mancomunidad Bosque Seco (Ecuador).<\/li>\n<\/ul>\n<p style=\"text-align: justify;\"><strong><i><span style=\"text-decoration: underline;\">Degradaci\u00f3n de Tierras<\/span><\/i><\/strong><\/p>\n<p style=\"text-align: justify;\"><strong>Avances:<\/strong><\/p>\n<ul style=\"text-align: justify;\">\n<li>Per\u00fa impulso el fortalecimiento de capacidades mediante la realizaci\u00f3n de un taller sobre Metodolog\u00eda de Evaluaci\u00f3n de la Degradaci\u00f3n de tierras en Zonas \u00c1ridas \u2013 LADA, con la participaci\u00f3n de especialistas del Ecuador.<\/li>\n<\/ul>\n<p style=\"text-align: justify;\"><strong><i><span style=\"text-decoration: underline;\">Gesti\u00f3n Ambiental de las cuencas<\/span><\/i><\/strong><\/p>\n<p style=\"text-align: justify;\"><strong>Avances:\u00a0 \u00a0<\/strong><\/p>\n<ul style=\"text-align: justify;\">\n<li>Creaci\u00f3n del Programa de Ordenamiento Ambiental Integral en la cuenca\u00a0 del r\u00edo Puyango (Ecuador).<\/li>\n<li>Plan de Recuperaci\u00f3n Ambiental de zonas cr\u00edticas de la cuenca del r\u00edo Tumbes (Per\u00fa).<\/li>\n<\/ul>\n<p style=\"text-align: justify;\"><b>\u00a0<\/b><\/p>\n<p style=\"text-align: justify;\"><strong><i><span style=\"text-decoration: underline;\">\u00c1reas Naturales Protegidas<\/span><\/i><\/strong><\/p>\n<p style=\"text-align: justify;\"><strong>Compromiso: <\/strong><\/p>\n<p style=\"text-align: justify;\">Gesti\u00f3n ambiental para las \u00c1reas Naturales Protegidas de influencia binacional.<\/p>\n<p style=\"text-align: justify;\"><strong>Objetivo:<\/strong><\/p>\n<p style=\"text-align: justify;\">Construir una Red de Gesti\u00f3n Binacional de \u00c1reas Protegidas del Sur del Ecuador y Norte del Per\u00fa con el objetivo de contribuir al desarrollo sostenible binacional a trav\u00e9s del fortalecimiento de las \u00e1reas naturales protegidas como espacios estrat\u00e9gicos para la conservaci\u00f3n de la biodiversidad y la generaci\u00f3n de bienes y servicios ambientales en la zona de influencia binacional.<\/p>\n<p style=\"text-align: justify;\"><strong>Estado: <\/strong><\/p>\n<p style=\"text-align: justify;\">El documento propuesto por el Ministerio de Ambiente de Ecuador se encuentra en revisi\u00f3n y an\u00e1lisis de la contraparte de Per\u00fa. Creaci\u00f3n de 3 ANP en Per\u00fa, contiguas a AP ecuatorianas.<\/p>\n<p style=\"text-align: justify;\"><strong>Desaf\u00edo: <\/strong><\/p>\n<p style=\"text-align: justify;\">Compromiso pol\u00edtico y t\u00e9cnico para la ejecuci\u00f3n de la propuesta binacional.<\/p>\n<p style=\"text-align: justify;\"><strong><i><span style=\"text-decoration: underline;\">Estrategia de Desarrollo Bajo en Carbono<\/span><\/i><i><\/i><\/strong><\/p>\n<p style=\"text-align: justify;\"><strong>Compromiso: <\/strong><\/p>\n<p style=\"text-align: justify;\">Desarrollo de informaci\u00f3n para la gesti\u00f3n ambiental en el establecimiento de Estrategias de Desarrollo Bajas en Carbono.<\/p>\n<p style=\"text-align: justify;\"><strong>Objetivo: <\/strong><\/p>\n<p style=\"text-align: justify;\">Fortalecer capacidades e intercambio de informaci\u00f3n sobre los avances en materia de mitigaci\u00f3n de Gases de Efecto Invernadero, en especial en el dise\u00f1o y formulaci\u00f3n de Medidas Nacionales Apropiadas de Mitigaci\u00f3n (NAMAS), as\u00ed como en el establecimiento de Estrategias de Desarrollo Bajas en Carbono\u00a0 en sectores prioritarios en cada pa\u00eds.<\/p>\n<p style=\"text-align: justify;\"><strong>Estado: <\/strong><\/p>\n<p style=\"text-align: justify;\">Se propone\u00a0 fortalecer las capacidades y el intercambio de informaci\u00f3n en estos rubros entre ambos pa\u00edses.<\/p>\n<p style=\"text-align: justify;\"><strong>Desaf\u00edo: <\/strong><\/p>\n<p style=\"text-align: justify;\">Coincidencia de estrategias de desarrollo binacionales vinculadas al establecimiento de Estrategias de Desarrollo bajo en Carbono. El Per\u00fa aspira a lograr un acuerdo global, ambicioso y efectivo contra el cambio clim\u00e1tico. La posici\u00f3n del Per\u00fa es proactiva y conciliadora y busca acercar posiciones y asegurar el cumplimiento de las disposiciones de la Convenci\u00f3n Marco de las Naciones Unidas sobre Cambio Clim\u00e1tico (CMNUCC)., sobre todo teniendo en cuenta el compromiso de organizar la COP20 en 2014 en Lima.<\/p>\n","protected":false},"excerpt":{"rendered":"<p class=\"excerpt\">Hoy, la Ministra del Ambiente de Ecuador, Lorena Tapia, realiz\u00f3 una visita oficial a Per\u00fa, para participar en el Encuentro Presidencial y VII Gabinete Binacional de Ministros Per\u00fa &#8211; Ecuador, el cual se desarroll\u00f3 en el Hotel Costa del Sol en la ciudad de Piura. El objetivo de este encuentro fue analizar mecanismos que permitan mejorar la integraci\u00f3n y la&hellip; <a href=\"https:\/\/www.ambienteyenergia.gob.ec\/ambiente\/ministra-lorena-tapia-fortalece-relacion-con-peru-en-temas-ambientales-en-el-vii-gabinete-binacional-de-ministros\/\">Read more &rarr;<\/a><\/p>\n","protected":false},"author":13,"featured_media":16671,"comment_status":"open","ping_status":"open","sticky":false,"template":"","format":"standard","meta":{"footnotes":""},"categories":[16,4,10],"tags":[],"class_list":["post-16670","post","type-post","status-publish","format-standard","has-post-thumbnail","hentry","category-comunicamos","category-noticias","category-noticias-destacadas","xfolkentry"],"_links":{"self":[{"href":"https:\/\/www.ambienteyenergia.gob.ec\/ambiente\/wp-json\/wp\/v2\/posts\/16670","targetHints":{"allow":["GET"]}}],"collection":[{"href":"https:\/\/www.ambienteyenergia.gob.ec\/ambiente\/wp-json\/wp\/v2\/posts"}],"about":[{"href":"https:\/\/www.ambienteyenergia.gob.ec\/ambiente\/wp-json\/wp\/v2\/types\/post"}],"author":[{"embeddable":true,"href":"https:\/\/www.ambienteyenergia.gob.ec\/ambiente\/wp-json\/wp\/v2\/users\/13"}],"replies":[{"embeddable":true,"href":"https:\/\/www.ambienteyenergia.gob.ec\/ambiente\/wp-json\/wp\/v2\/comments?post=16670"}],"version-history":[{"count":0,"href":"https:\/\/www.ambienteyenergia.gob.ec\/ambiente\/wp-json\/wp\/v2\/posts\/16670\/revisions"}],"wp:featuredmedia":[{"embeddable":true,"href":"https:\/\/www.ambienteyenergia.gob.ec\/ambiente\/wp-json\/wp\/v2\/media\/16671"}],"wp:attachment":[{"href":"https:\/\/www.ambienteyenergia.gob.ec\/ambiente\/wp-json\/wp\/v2\/media?parent=16670"}],"wp:term":[{"taxonomy":"category","embeddable":true,"href":"https:\/\/www.ambienteyenergia.gob.ec\/ambiente\/wp-json\/wp\/v2\/categories?post=16670"},{"taxonomy":"post_tag","embeddable":true,"href":"https:\/\/www.ambienteyenergia.gob.ec\/ambiente\/wp-json\/wp\/v2\/tags?post=16670"}],"curies":[{"name":"wp","href":"https:\/\/api.w.org\/{rel}","templated":true}]}}