{"id":16667,"date":"2013-11-14T16:38:36","date_gmt":"2013-11-14T21:38:36","guid":{"rendered":"http:\/\/www.ambiente.gob.ec\/?p=16667"},"modified":"2013-11-14T16:38:36","modified_gmt":"2013-11-14T21:38:36","slug":"jornada-de-ecotalleres-se-inauguraro-en-tungurahua","status":"publish","type":"post","link":"https:\/\/www.ambienteyenergia.gob.ec\/ambiente\/jornada-de-ecotalleres-se-inauguraro-en-tungurahua\/","title":{"rendered":"Jornada de ecotalleres se inaugurar\u00f3 en Tungurahua"},"content":{"rendered":"<p style=\"text-align: justify;\">El Ministerio del Ambiente (MAE) inaugur\u00f3 el Ecotaller de formaci\u00f3n de Promotores \u00a0Ambientales Comunitarios, pasado 13 de noviembre. En las jornadas de capacitaci\u00f3n participaron alrededor de 20 participantes pertenecientes a la parroquia rural El Triunfo, ubicada en el cant\u00f3n Patate, provincia de Tungurahua.<\/p>\n<p style=\"text-align: justify;\">Omar Land\u00e1zuri, Director Provincial del Ambiente Tungurahua, en su discurso de bienvenida inst\u00f3 a los futuros promotores ambientales a empoderarse de los conflictos ambientales de sus comunidades. Al evento tambi\u00e9n asistieron autoridades locales y l\u00edderes comunitarios.<\/p>\n<p style=\"text-align: justify;\">Los participantes mostraron mucho inter\u00e9s en aprender m\u00e1s sobre temas ambientales. En el acto se les entreg\u00f3 los m\u00f3dulos y materiales necesarios para el proceso de aprendizaje que tendr\u00e1 una duraci\u00f3n de 60 horas y se desarrollar\u00e1 \u00a0todos los d\u00edas mi\u00e9rcoles.<\/p>\n<p style=\"text-align: justify;\">Los\u00a0 contenidos did\u00e1cticos est\u00e1n plasmados en cinco m\u00f3dulos que abarcan temas sobre el Promotor Ambiental Comunitario, Conservaci\u00f3n de la Biodiversidad, Gesti\u00f3n Ambiental y Desarrollo Sostenible, la Identificaci\u00f3n de problemas Ambientales y Calidad de Vida y Educaci\u00f3n Ambiental.<\/p>\n<p style=\"text-align: justify;\">En este primer d\u00eda de capacitaci\u00f3n, los estudiantes visitaron el Orquidiario de R\u00edo Verde,\u00a0 con el fin de que conozcan c\u00f3mo se puede aprovechar adecuadamente la biodiversidad como alternativa para mejorar su econom\u00eda.<\/p>\n<p style=\"text-align: justify;\">Los ecotalleres buscan crear conciencia, impartir conocimientos, desarrollar habilidades y asumir compromisos ciudadanos con el ambiente en cada una de sus territorios, mas a\u00fan en la zona de amortiguamiento del Parque Nacional Llanganates donde existe una concentraci\u00f3n alta de biodiversidad y abundantes cuerpos de agua.<\/p>\n","protected":false},"excerpt":{"rendered":"<p class=\"excerpt\">El Ministerio del Ambiente (MAE) inaugur\u00f3 el Ecotaller de formaci\u00f3n de Promotores \u00a0Ambientales Comunitarios, pasado 13 de noviembre. En las jornadas de capacitaci\u00f3n participaron alrededor de 20 participantes pertenecientes a la parroquia rural El Triunfo, ubicada en el cant\u00f3n Patate, provincia de Tungurahua. Omar Land\u00e1zuri, Director Provincial del Ambiente Tungurahua, en su discurso de bienvenida inst\u00f3 a los futuros promotores&hellip; <a href=\"https:\/\/www.ambienteyenergia.gob.ec\/ambiente\/jornada-de-ecotalleres-se-inauguraro-en-tungurahua\/\">Read more &rarr;<\/a><\/p>\n","protected":false},"author":13,"featured_media":16668,"comment_status":"open","ping_status":"open","sticky":false,"template":"","format":"standard","meta":{"footnotes":""},"categories":[16,4],"tags":[],"class_list":["post-16667","post","type-post","status-publish","format-standard","has-post-thumbnail","hentry","category-comunicamos","category-noticias","xfolkentry"],"_links":{"self":[{"href":"https:\/\/www.ambienteyenergia.gob.ec\/ambiente\/wp-json\/wp\/v2\/posts\/16667","targetHints":{"allow":["GET"]}}],"collection":[{"href":"https:\/\/www.ambienteyenergia.gob.ec\/ambiente\/wp-json\/wp\/v2\/posts"}],"about":[{"href":"https:\/\/www.ambienteyenergia.gob.ec\/ambiente\/wp-json\/wp\/v2\/types\/post"}],"author":[{"embeddable":true,"href":"https:\/\/www.ambienteyenergia.gob.ec\/ambiente\/wp-json\/wp\/v2\/users\/13"}],"replies":[{"embeddable":true,"href":"https:\/\/www.ambienteyenergia.gob.ec\/ambiente\/wp-json\/wp\/v2\/comments?post=16667"}],"version-history":[{"count":0,"href":"https:\/\/www.ambienteyenergia.gob.ec\/ambiente\/wp-json\/wp\/v2\/posts\/16667\/revisions"}],"wp:featuredmedia":[{"embeddable":true,"href":"https:\/\/www.ambienteyenergia.gob.ec\/ambiente\/wp-json\/wp\/v2\/media\/16668"}],"wp:attachment":[{"href":"https:\/\/www.ambienteyenergia.gob.ec\/ambiente\/wp-json\/wp\/v2\/media?parent=16667"}],"wp:term":[{"taxonomy":"category","embeddable":true,"href":"https:\/\/www.ambienteyenergia.gob.ec\/ambiente\/wp-json\/wp\/v2\/categories?post=16667"},{"taxonomy":"post_tag","embeddable":true,"href":"https:\/\/www.ambienteyenergia.gob.ec\/ambiente\/wp-json\/wp\/v2\/tags?post=16667"}],"curies":[{"name":"wp","href":"https:\/\/api.w.org\/{rel}","templated":true}]}}