{"id":16664,"date":"2013-11-14T15:05:33","date_gmt":"2013-11-14T20:05:33","guid":{"rendered":"http:\/\/www.ambiente.gob.ec\/?p=16664"},"modified":"2013-11-14T21:47:23","modified_gmt":"2013-11-15T02:47:23","slug":"mae-participo-en-el-foro-situacion-actual-de-los-recursos-hidricos-provinciales-y-alternativas-de-gestion","status":"publish","type":"post","link":"https:\/\/www.ambienteyenergia.gob.ec\/ambiente\/mae-participo-en-el-foro-situacion-actual-de-los-recursos-hidricos-provinciales-y-alternativas-de-gestion\/","title":{"rendered":"MAE particip\u00f3 en el Foro  Situaci\u00f3n actual de los Recursos H\u00eddricos Provinciales y Alternativas de Gesti\u00f3n"},"content":{"rendered":"<p style=\"text-align: justify;\">Hoy, el Ministerio del Ambiente (MAE) particip\u00f3 en el Foro-Taller \u00b4Situaci\u00f3n actual de los Recursos H\u00eddricos Provinciales y Alternativas de Gesti\u00f3n\u00b4, que se desarroll\u00f3 en el Sal\u00f3n de actos de la Direcci\u00f3n Distrital de Educaci\u00f3n de Santo Domingo de los Ts\u00e1chilas. El evento fue organizado por el Ministerio del Interior a trav\u00e9s de la Gobernaci\u00f3n y el Comit\u00e9 Permanente por la Recuperaci\u00f3n de las Fuentes H\u00eddricas de las cuales forma parte esta Cartera de Estado.<\/p>\n<p style=\"text-align: justify;\">El evento cont\u00f3 con la presencia de distinguidos panelistas de las diferentes entidades p\u00fablicas que trabajan con los recursos h\u00eddricos y con otros recursos naturales.<\/p>\n<p style=\"text-align: justify;\">Cristian Reyes, Director Provincial del Ambiente Santo Domingo de los Ts\u00e1chilas, explic\u00f3 sobre el Plan Estrat\u00e9gico del MAE y la inversi\u00f3n que realizar\u00e1 para la caracterizaci\u00f3n de la contaminaci\u00f3n en los r\u00edos de la provincia. El objetivo de este proyecto es especializar y priorizar el contenido de un programa de descontaminaci\u00f3n multisectorial altamente efectivo liderado por esta Direcci\u00f3n Provincial, en donde la primera etapa tiene un costo de USD 600 000 y es financiado por esta Cartera de Estado.<\/p>\n<p style=\"text-align: justify;\">El agua es esencial para la vida, es parte de la cultura de los pueblos y es vital para el consumo humano o para producir alimentos; es indispensable en procesos industriales, la construcci\u00f3n, el transporte, la generaci\u00f3n de energ\u00eda y otros usos.<\/p>\n<p style=\"text-align: justify;\">Al finalizar el taller, los asistentes conformaron diferentes comisiones, en las que se comprometieron a trabajar por los recursos h\u00eddricos de la provincia.<\/p>\n<p style=\"text-align: justify;\"><b>El dato<\/b><\/p>\n<p style=\"text-align: justify;\">La provincia Ts\u00e1chila posee varios r\u00edos entre los cuales destacan el Toachi, Baba, Peripa, Cajones, Mulaute, Lelia, Pove, entre otros. Por ello, la importancia de trabajar en su cuidado.<\/p>\n<p style=\"text-align: justify;\">\n","protected":false},"excerpt":{"rendered":"<p class=\"excerpt\">Hoy, el Ministerio del Ambiente (MAE) particip\u00f3 en el Foro-Taller \u00b4Situaci\u00f3n actual de los Recursos H\u00eddricos Provinciales y Alternativas de Gesti\u00f3n\u00b4, que se desarroll\u00f3 en el Sal\u00f3n de actos de la Direcci\u00f3n Distrital de Educaci\u00f3n de Santo Domingo de los Ts\u00e1chilas. El evento fue organizado por el Ministerio del Interior a trav\u00e9s de la Gobernaci\u00f3n y el Comit\u00e9 Permanente por&hellip; <a href=\"https:\/\/www.ambienteyenergia.gob.ec\/ambiente\/mae-participo-en-el-foro-situacion-actual-de-los-recursos-hidricos-provinciales-y-alternativas-de-gestion\/\">Read more &rarr;<\/a><\/p>\n","protected":false},"author":13,"featured_media":16665,"comment_status":"open","ping_status":"open","sticky":false,"template":"","format":"standard","meta":{"footnotes":""},"categories":[16,4],"tags":[],"class_list":["post-16664","post","type-post","status-publish","format-standard","has-post-thumbnail","hentry","category-comunicamos","category-noticias","xfolkentry"],"_links":{"self":[{"href":"https:\/\/www.ambienteyenergia.gob.ec\/ambiente\/wp-json\/wp\/v2\/posts\/16664","targetHints":{"allow":["GET"]}}],"collection":[{"href":"https:\/\/www.ambienteyenergia.gob.ec\/ambiente\/wp-json\/wp\/v2\/posts"}],"about":[{"href":"https:\/\/www.ambienteyenergia.gob.ec\/ambiente\/wp-json\/wp\/v2\/types\/post"}],"author":[{"embeddable":true,"href":"https:\/\/www.ambienteyenergia.gob.ec\/ambiente\/wp-json\/wp\/v2\/users\/13"}],"replies":[{"embeddable":true,"href":"https:\/\/www.ambienteyenergia.gob.ec\/ambiente\/wp-json\/wp\/v2\/comments?post=16664"}],"version-history":[{"count":0,"href":"https:\/\/www.ambienteyenergia.gob.ec\/ambiente\/wp-json\/wp\/v2\/posts\/16664\/revisions"}],"wp:featuredmedia":[{"embeddable":true,"href":"https:\/\/www.ambienteyenergia.gob.ec\/ambiente\/wp-json\/wp\/v2\/media\/16665"}],"wp:attachment":[{"href":"https:\/\/www.ambienteyenergia.gob.ec\/ambiente\/wp-json\/wp\/v2\/media?parent=16664"}],"wp:term":[{"taxonomy":"category","embeddable":true,"href":"https:\/\/www.ambienteyenergia.gob.ec\/ambiente\/wp-json\/wp\/v2\/categories?post=16664"},{"taxonomy":"post_tag","embeddable":true,"href":"https:\/\/www.ambienteyenergia.gob.ec\/ambiente\/wp-json\/wp\/v2\/tags?post=16664"}],"curies":[{"name":"wp","href":"https:\/\/api.w.org\/{rel}","templated":true}]}}