{"id":16660,"date":"2013-11-14T11:51:28","date_gmt":"2013-11-14T16:51:28","guid":{"rendered":"http:\/\/www.ambiente.gob.ec\/?p=16660"},"modified":"2013-11-14T21:52:55","modified_gmt":"2013-11-15T02:52:55","slug":"buho-es-rescatado-por-el-mae-en-con-el-apoyo-de-la-ciudadania-chimborazo","status":"publish","type":"post","link":"https:\/\/www.ambienteyenergia.gob.ec\/ambiente\/buho-es-rescatado-por-el-mae-en-con-el-apoyo-de-la-ciudadania-chimborazo\/","title":{"rendered":"B\u00faho es rescatado por el MAE con apoyo de la ciudadan\u00eda (Chimborazo)"},"content":{"rendered":"<p style=\"text-align: justify;\">Gracias al apoyo de la ciudadan\u00eda, el Ministerio del Ambiente (MAE), a trav\u00e9s de la Direcci\u00f3n Provincial del Ambiente de Chimborazo, rescat\u00f3 a un b\u00faho del g\u00e9nero Asio, el pasado 12 de noviembre.<\/p>\n<p style=\"text-align: justify;\">El ave se encontraba en el tramo de la v\u00eda hacia Riobamba, en el cant\u00f3n Pallatanga, cuando tres personas que se dirig\u00edan a Quito lo identificaron. Al parecer el animal estaba herido y por ello, no pod\u00eda volar. Por esta raz\u00f3n, lo trasladaron a la Unidad de Polic\u00eda Comunitaria del cant\u00f3n, quienes inmediatamente comunicaron el suceso a la Autoridad Ambiental.<\/p>\n<p style=\"text-align: justify;\">Funcionarios de la Unidad de Vida Silvestre del MAE acudieron al lugar para verificar el estado de salud del b\u00faho. El esp\u00e9cimen presentaba fuertes golpes en su ala derecha, lo que imped\u00eda su vuelo. Se presume que el mal estado del animal se debe al impacto con alg\u00fan veh\u00edculo que transitaba por el sector.<\/p>\n<p style=\"text-align: justify;\">Luego de la evaluaci\u00f3n, el ejemplar fue trasladado al Parque C\u00f3ndor, ubicado en la provincia de Imbabura, donde permanecer\u00e1 en custodia temporal hasta su recuperaci\u00f3n y posterior liberaci\u00f3n.<\/p>\n","protected":false},"excerpt":{"rendered":"<p class=\"excerpt\">Gracias al apoyo de la ciudadan\u00eda, el Ministerio del Ambiente (MAE), a trav\u00e9s de la Direcci\u00f3n Provincial del Ambiente de Chimborazo, rescat\u00f3 a un b\u00faho del g\u00e9nero Asio, el pasado 12 de noviembre. El ave se encontraba en el tramo de la v\u00eda hacia Riobamba, en el cant\u00f3n Pallatanga, cuando tres personas que se dirig\u00edan a Quito lo identificaron. Al&hellip; <a href=\"https:\/\/www.ambienteyenergia.gob.ec\/ambiente\/buho-es-rescatado-por-el-mae-en-con-el-apoyo-de-la-ciudadania-chimborazo\/\">Read more &rarr;<\/a><\/p>\n","protected":false},"author":13,"featured_media":16661,"comment_status":"open","ping_status":"open","sticky":false,"template":"","format":"standard","meta":{"footnotes":""},"categories":[16,4],"tags":[],"class_list":["post-16660","post","type-post","status-publish","format-standard","has-post-thumbnail","hentry","category-comunicamos","category-noticias","xfolkentry"],"_links":{"self":[{"href":"https:\/\/www.ambienteyenergia.gob.ec\/ambiente\/wp-json\/wp\/v2\/posts\/16660","targetHints":{"allow":["GET"]}}],"collection":[{"href":"https:\/\/www.ambienteyenergia.gob.ec\/ambiente\/wp-json\/wp\/v2\/posts"}],"about":[{"href":"https:\/\/www.ambienteyenergia.gob.ec\/ambiente\/wp-json\/wp\/v2\/types\/post"}],"author":[{"embeddable":true,"href":"https:\/\/www.ambienteyenergia.gob.ec\/ambiente\/wp-json\/wp\/v2\/users\/13"}],"replies":[{"embeddable":true,"href":"https:\/\/www.ambienteyenergia.gob.ec\/ambiente\/wp-json\/wp\/v2\/comments?post=16660"}],"version-history":[{"count":0,"href":"https:\/\/www.ambienteyenergia.gob.ec\/ambiente\/wp-json\/wp\/v2\/posts\/16660\/revisions"}],"wp:featuredmedia":[{"embeddable":true,"href":"https:\/\/www.ambienteyenergia.gob.ec\/ambiente\/wp-json\/wp\/v2\/media\/16661"}],"wp:attachment":[{"href":"https:\/\/www.ambienteyenergia.gob.ec\/ambiente\/wp-json\/wp\/v2\/media?parent=16660"}],"wp:term":[{"taxonomy":"category","embeddable":true,"href":"https:\/\/www.ambienteyenergia.gob.ec\/ambiente\/wp-json\/wp\/v2\/categories?post=16660"},{"taxonomy":"post_tag","embeddable":true,"href":"https:\/\/www.ambienteyenergia.gob.ec\/ambiente\/wp-json\/wp\/v2\/tags?post=16660"}],"curies":[{"name":"wp","href":"https:\/\/api.w.org\/{rel}","templated":true}]}}