{"id":16656,"date":"2013-11-14T10:51:26","date_gmt":"2013-11-14T15:51:26","guid":{"rendered":"http:\/\/www.ambiente.gob.ec\/?p=16656"},"modified":"2013-11-14T22:00:35","modified_gmt":"2013-11-15T03:00:35","slug":"mae-trabaja-en-acciones-de-descontaminacion-del-estero-huayla-el-oro","status":"publish","type":"post","link":"https:\/\/www.ambienteyenergia.gob.ec\/ambiente\/mae-trabaja-en-acciones-de-descontaminacion-del-estero-huayla-el-oro\/","title":{"rendered":"MAE trabaja en acciones de descontaminaci\u00f3n del Estero Huayl\u00e1 (El Oro)"},"content":{"rendered":"<p style=\"text-align: justify;\">El Ministerio del Ambiente (MAE), a trav\u00e9s de la Direcci\u00f3n Provincial de El Oro, en respuesta a la afectaci\u00f3n del ecosistema marino, que se presenta principalmente, por las descargas de aguas residuales en el Estero Huayl\u00e1, ubicado en la ciudad de Machala, realiza diferentes actividades para identificar los focos de contaminaci\u00f3n, con el fin de mitigar los da\u00f1os y evitar la p\u00e9rdida de cobertura vegetal que se encuentra en los alrededores.<\/p>\n<p style=\"text-align: justify;\">Esta Cartera de Estado, como principal\u00a0 Autoridad Ambiental Nacional, busca identificar los puntos de descargas de aguas residuales, que se arrojan en las riveras del Estero sin previo tratamiento, y que afectan ecosistemas como el manglar. Esto como consecuencia de la construcci\u00f3n desordenada de viviendas que existe en la zona.<\/p>\n<p style=\"text-align: justify;\">Entre las acciones que el MAE desempe\u00f1a est\u00e1n las notificaciones a los muelles ubicados en el margen derecho del Estero Huayl\u00e1, para que inicien el proceso de regulaci\u00f3n ambiental, y solicitar que las camaroneras limpien el \u00e1rea de manglar que colinda con sus predios.<\/p>\n<p style=\"text-align: justify;\">Asimismo, como parte de las actividades de control, se conform\u00f3 un Comit\u00e9 Interinstitucional para la Recuperaci\u00f3n Integral del Estero Huayl\u00e1, compuesto por el Gobierno Provincial Aut\u00f3nomo de El Oro, Capitan\u00eda de Puerto Bol\u00edvar, Municipio de Machala, Aguas y Servicios, Sociedad Civil y la Direcci\u00f3n Provincial del Ambiente de El Oro. Dicho comit\u00e9 tiene la finalidad de buscar mecanismos para elaborar un proyecto de la recuperaci\u00f3n total del Estero.<\/p>\n<p style=\"text-align: justify;\">La Direcci\u00f3n Provincial del Ambiente de El Oro, comprometida con la soluci\u00f3n de la problem\u00e1tica ambiental provincial, liderar\u00e1 las reuniones con el Comit\u00e9 Interinstitucional conformado, para plantear soluciones urgentes a la contaminaci\u00f3n de este importante brazo de mar.<\/p>\n","protected":false},"excerpt":{"rendered":"<p class=\"excerpt\">El Ministerio del Ambiente (MAE), a trav\u00e9s de la Direcci\u00f3n Provincial de El Oro, en respuesta a la afectaci\u00f3n del ecosistema marino, que se presenta principalmente, por las descargas de aguas residuales en el Estero Huayl\u00e1, ubicado en la ciudad de Machala, realiza diferentes actividades para identificar los focos de contaminaci\u00f3n, con el fin de mitigar los da\u00f1os y evitar&hellip; <a href=\"https:\/\/www.ambienteyenergia.gob.ec\/ambiente\/mae-trabaja-en-acciones-de-descontaminacion-del-estero-huayla-el-oro\/\">Read more &rarr;<\/a><\/p>\n","protected":false},"author":13,"featured_media":16657,"comment_status":"open","ping_status":"open","sticky":false,"template":"","format":"standard","meta":{"footnotes":""},"categories":[16,4],"tags":[],"class_list":["post-16656","post","type-post","status-publish","format-standard","has-post-thumbnail","hentry","category-comunicamos","category-noticias","xfolkentry"],"_links":{"self":[{"href":"https:\/\/www.ambienteyenergia.gob.ec\/ambiente\/wp-json\/wp\/v2\/posts\/16656","targetHints":{"allow":["GET"]}}],"collection":[{"href":"https:\/\/www.ambienteyenergia.gob.ec\/ambiente\/wp-json\/wp\/v2\/posts"}],"about":[{"href":"https:\/\/www.ambienteyenergia.gob.ec\/ambiente\/wp-json\/wp\/v2\/types\/post"}],"author":[{"embeddable":true,"href":"https:\/\/www.ambienteyenergia.gob.ec\/ambiente\/wp-json\/wp\/v2\/users\/13"}],"replies":[{"embeddable":true,"href":"https:\/\/www.ambienteyenergia.gob.ec\/ambiente\/wp-json\/wp\/v2\/comments?post=16656"}],"version-history":[{"count":0,"href":"https:\/\/www.ambienteyenergia.gob.ec\/ambiente\/wp-json\/wp\/v2\/posts\/16656\/revisions"}],"wp:featuredmedia":[{"embeddable":true,"href":"https:\/\/www.ambienteyenergia.gob.ec\/ambiente\/wp-json\/wp\/v2\/media\/16657"}],"wp:attachment":[{"href":"https:\/\/www.ambienteyenergia.gob.ec\/ambiente\/wp-json\/wp\/v2\/media?parent=16656"}],"wp:term":[{"taxonomy":"category","embeddable":true,"href":"https:\/\/www.ambienteyenergia.gob.ec\/ambiente\/wp-json\/wp\/v2\/categories?post=16656"},{"taxonomy":"post_tag","embeddable":true,"href":"https:\/\/www.ambienteyenergia.gob.ec\/ambiente\/wp-json\/wp\/v2\/tags?post=16656"}],"curies":[{"name":"wp","href":"https:\/\/api.w.org\/{rel}","templated":true}]}}