{"id":16648,"date":"2013-11-14T08:35:40","date_gmt":"2013-11-14T13:35:40","guid":{"rendered":"http:\/\/www.ambiente.gob.ec\/?p=16648"},"modified":"2013-11-14T11:23:38","modified_gmt":"2013-11-14T16:23:38","slug":"45-millones-se-invirtieron-para-limpiar-y-remediar-los-danos-por-el-derrame-del-sote","status":"publish","type":"post","link":"https:\/\/www.ambienteyenergia.gob.ec\/ambiente\/45-millones-se-invirtieron-para-limpiar-y-remediar-los-danos-por-el-derrame-del-sote\/","title":{"rendered":"4,5 millones se invirtieron para limpiar y remediar los da\u00f1os por el derrame del SOTE"},"content":{"rendered":"<p style=\"text-align: justify;\">La Comisi\u00f3n de Biodiversidad de la Asamblea Nacional recibi\u00f3\u00a0ayer\u00a0un informe completo sobre las acciones realizadas por distintas Carteras y empresas del Estado para contener, remediar e indemnizar a los afectados por el derrame de crudo, sucedido el pasado\u00a031 de mayo\u00a0luego de la rotura del Sistema de Oleoducto Transecuatoriano (SOTE), en el sector de El Reventador, provincia de Sucumb\u00edos. Ese d\u00eda un deslizamiento de tierra desplaz\u00f3 80 metros de la tuber\u00eda del SOTE, causando la ruptura del tubo y el derrame de 11.480 barriles de petr\u00f3leo.<\/p>\n<p style=\"text-align: justify;\">\u201cYa han transcurrido m\u00e1s de seis meses desde que ocurri\u00f3 el derrame y queremos saber qu\u00e9 se hizo y qu\u00e9 falta por hacer\u201d, pregunt\u00f3 el presidente de la Comisi\u00f3n de Biodiversidad, Carlos Viteri a Lorena Tapia, ministra del Ambiente; Augusto Esp\u00edn, secretario T\u00e9cnico\u00a0\u00a0 del Ministerio Coordinador de Sectores Estrat\u00e9gicos; Pedro Merizalde, ministro de Recursos Naturales No Renovables, y Marco Calvopi\u00f1a, gerente de EP Petroecuador.<\/p>\n<p style=\"text-align: justify;\">Seg\u00fan Augusto Esp\u00edn, las acciones de contingencia y remediaci\u00f3n han avanzado de acuerdo a los plazos y metas planteadas a tal punto que el crudo ya ha sido removido en su mayor\u00eda. Hasta diciembre se concluir\u00e1n las labores de remoci\u00f3n del hidrocarburo restante en las piedras y en la vegetaci\u00f3n de ribera.<\/p>\n<p style=\"text-align: justify;\">El ministro Pedro Merizalde indic\u00f3 que falta por remediar un 30% del total del \u00e1rea afectada, que incluye la limpieza manual de piedras y la maleza de las riberas de los r\u00edos. Precis\u00f3 que la tuber\u00eda del Oleoducto Transecuatoriano recibe mantenimiento peri\u00f3dico, y aclar\u00f3 que gracias a la tecnolog\u00eda que se usa, como el sistema Scada, se pudo controlar a tiempo el derrame de crudo.<\/p>\n<p style=\"text-align: justify;\">Marco Calvopi\u00f1a detall\u00f3 las obras de limpieza y remediaci\u00f3n realizadas con una inversi\u00f3n de 4,5 millones de d\u00f3lares, entre las que se destacan: la contrataci\u00f3n de una empresa que realice estudios geol\u00f3gicos y recomendaciones para evitar un suceso semejante en esa zona, la contrataci\u00f3n de 394 personas para realizar labores de limpieza a lo largo de 221 km afectados por el derrame, el muestreo de agua, la distribuci\u00f3n de agua potable y raciones alimenticias, as\u00ed como la ejecuci\u00f3n de un plan de salud comunitaria.<\/p>\n<p style=\"text-align: justify;\">Uno de los puntos de mayor inter\u00e9s entre los asamble\u00edstas se refiri\u00f3 a la calidad de las aguas del R\u00edo Coca. Seg\u00fan Calvopi\u00f1a, los muestreos realizados indican que el agua se encuentra bajo los par\u00e1metros normales. Sin embargo, a partir de este suceso de puso en funcionamiento una captaci\u00f3n de agua emergente para la poblaci\u00f3n de El Coca.<\/p>\n<p style=\"text-align: justify;\">Lorena Tapia asegur\u00f3 que en estos casos \u201cm\u00e1s all\u00e1 de la sanci\u00f3n se trabaja por recuperar el ecosistema y precautelar la salud de los afectados\u201d. En este caso, adem\u00e1s de las acciones expuestas, el Ministerio del Ambiente se asegur\u00f3 de que se pongan en pr\u00e1ctica los lineamientos de la valoraci\u00f3n del da\u00f1o de manera t\u00e9cnica y objetiva. \u201cAhora las operadoras no pueden negociar ni los afectados pueden demandar de acuerdo a sus intereses\u201d, asegur\u00f3 Tapia.<\/p>\n<p style=\"text-align: justify;\">La Comisi\u00f3n pudo conocer los montos de indemnizaci\u00f3n a los afectados directos por el derrame. Adicionalmente, la Ministra Tapia se\u00f1al\u00f3 que la Cartera de Ambiente ha solicitado que se monitoree la zona afectada por el derrame durante los pr\u00f3ximos cuatro a\u00f1os.<\/p>\n<p style=\"text-align: justify;\">Ante la inquietud de los asamble\u00edstas, el ministro de Recursos Naturales No Renovables, Pedro Merizalde, asegur\u00f3 que todas las instalaciones de EP Petroecuador cuentan con los seguros del caso para cubrir eventos como este.<\/p>\n<p style=\"text-align: justify;\">\n","protected":false},"excerpt":{"rendered":"<p class=\"excerpt\">La Comisi\u00f3n de Biodiversidad de la Asamblea Nacional recibi\u00f3\u00a0ayer\u00a0un informe completo sobre las acciones realizadas por distintas Carteras y empresas del Estado para contener, remediar e indemnizar a los afectados por el derrame de crudo, sucedido el pasado\u00a031 de mayo\u00a0luego de la rotura del Sistema de Oleoducto Transecuatoriano (SOTE), en el sector de El Reventador, provincia de Sucumb\u00edos. Ese d\u00eda&hellip; <a href=\"https:\/\/www.ambienteyenergia.gob.ec\/ambiente\/45-millones-se-invirtieron-para-limpiar-y-remediar-los-danos-por-el-derrame-del-sote\/\">Read more &rarr;<\/a><\/p>\n","protected":false},"author":13,"featured_media":16649,"comment_status":"open","ping_status":"open","sticky":false,"template":"","format":"standard","meta":{"footnotes":""},"categories":[16,4,10],"tags":[],"class_list":["post-16648","post","type-post","status-publish","format-standard","has-post-thumbnail","hentry","category-comunicamos","category-noticias","category-noticias-destacadas","xfolkentry"],"_links":{"self":[{"href":"https:\/\/www.ambienteyenergia.gob.ec\/ambiente\/wp-json\/wp\/v2\/posts\/16648","targetHints":{"allow":["GET"]}}],"collection":[{"href":"https:\/\/www.ambienteyenergia.gob.ec\/ambiente\/wp-json\/wp\/v2\/posts"}],"about":[{"href":"https:\/\/www.ambienteyenergia.gob.ec\/ambiente\/wp-json\/wp\/v2\/types\/post"}],"author":[{"embeddable":true,"href":"https:\/\/www.ambienteyenergia.gob.ec\/ambiente\/wp-json\/wp\/v2\/users\/13"}],"replies":[{"embeddable":true,"href":"https:\/\/www.ambienteyenergia.gob.ec\/ambiente\/wp-json\/wp\/v2\/comments?post=16648"}],"version-history":[{"count":0,"href":"https:\/\/www.ambienteyenergia.gob.ec\/ambiente\/wp-json\/wp\/v2\/posts\/16648\/revisions"}],"wp:featuredmedia":[{"embeddable":true,"href":"https:\/\/www.ambienteyenergia.gob.ec\/ambiente\/wp-json\/wp\/v2\/media\/16649"}],"wp:attachment":[{"href":"https:\/\/www.ambienteyenergia.gob.ec\/ambiente\/wp-json\/wp\/v2\/media?parent=16648"}],"wp:term":[{"taxonomy":"category","embeddable":true,"href":"https:\/\/www.ambienteyenergia.gob.ec\/ambiente\/wp-json\/wp\/v2\/categories?post=16648"},{"taxonomy":"post_tag","embeddable":true,"href":"https:\/\/www.ambienteyenergia.gob.ec\/ambiente\/wp-json\/wp\/v2\/tags?post=16648"}],"curies":[{"name":"wp","href":"https:\/\/api.w.org\/{rel}","templated":true}]}}