{"id":16642,"date":"2013-11-13T18:48:49","date_gmt":"2013-11-13T23:48:49","guid":{"rendered":"http:\/\/www.ambiente.gob.ec\/?p=16642"},"modified":"2013-11-13T18:48:49","modified_gmt":"2013-11-13T23:48:49","slug":"mae-coordina-acciones-con-su-par-de-colombia-tras-derrame","status":"publish","type":"post","link":"https:\/\/www.ambienteyenergia.gob.ec\/ambiente\/mae-coordina-acciones-con-su-par-de-colombia-tras-derrame\/","title":{"rendered":"MAE coordina acciones con su par de Colombia tras derrame"},"content":{"rendered":"<p style=\"text-align: justify;\">La Ministra del Ambiente del Ecuador, Lorena Tapia, tom\u00f3 contacto con la Ministra del Ambiente de Colombia y le solicit\u00f3 informaci\u00f3n oficial sobre el derrame de petr\u00f3leo registrado en el Oleoducto Transandino, al sur de Colombia el jueves 7 de noviembre. As\u00ed lo inform\u00f3 la Secretaria de Estado este mi\u00e9rcoles ante los asamble\u00edstas que integran la Comisi\u00f3n de Biodiversidad de la Asamblea Nacional. La Ministra Tapia asegur\u00f3 adem\u00e1s que la Ministra de Ambiente de Colombia mostr\u00f3 total apertura con los requerimientos del Ecuador.<\/p>\n<p style=\"text-align: justify;\">El pasado 8 de noviembre el MAE realiz\u00f3 una evaluaci\u00f3n r\u00e1pida del R\u00edo San Miguel, en la provincia de Sucumb\u00edos. \u201cEse d\u00eda no se visibilizaron manchas de crudo\u201d. No obstante, \u201cse activ\u00f3 el Comit\u00e9 de Operaciones de Emergencia (COE), se identificaron puntos de control y se levant\u00f3 informaci\u00f3n de cerca de 100 personas que habitan en la zona y podr\u00edan verse afectadas por el derrame de crudo\u201d.<\/p>\n<p style=\"text-align: justify;\">Recientemente, debido a que ya se han observado algunas manchas de petr\u00f3leo del lado ecuatoriano, el Ministerio de Recursos Naturales No Renovables, Petroecuador y el Ministerio del Ambiente han solicitado a Colombia la realizaci\u00f3n de muestreos y acciones de contenci\u00f3n de la mancha de petr\u00f3leo.<\/p>\n<p style=\"text-align: justify;\">Marco Calvopi\u00f1a, Gerente de Petroecuador, asegur\u00f3 que Ecopetrol, empresa colombiana responsable del derrame, tiene un convenio de cooperaci\u00f3n con Petroecuador desde hace 10 a\u00f1os para casos de emergencia. Por tanto, la empresa p\u00fablica ecuatoriana se ha comprometido a colaborar en las acciones de contingencia que se requieran. No obstante, los costos de limpieza, remediaci\u00f3n e indemnizaciones deber\u00e1n ser cubiertas por Ecopetrol.<\/p>\n<p style=\"text-align: justify;\">\n","protected":false},"excerpt":{"rendered":"<p class=\"excerpt\">La Ministra del Ambiente del Ecuador, Lorena Tapia, tom\u00f3 contacto con la Ministra del Ambiente de Colombia y le solicit\u00f3 informaci\u00f3n oficial sobre el derrame de petr\u00f3leo registrado en el Oleoducto Transandino, al sur de Colombia el jueves 7 de noviembre. As\u00ed lo inform\u00f3 la Secretaria de Estado este mi\u00e9rcoles ante los asamble\u00edstas que integran la Comisi\u00f3n de Biodiversidad de&hellip; <a href=\"https:\/\/www.ambienteyenergia.gob.ec\/ambiente\/mae-coordina-acciones-con-su-par-de-colombia-tras-derrame\/\">Read more &rarr;<\/a><\/p>\n","protected":false},"author":13,"featured_media":16647,"comment_status":"open","ping_status":"open","sticky":false,"template":"","format":"standard","meta":{"footnotes":""},"categories":[4,10],"tags":[51,108,53,126],"class_list":["post-16642","post","type-post","status-publish","format-standard","has-post-thumbnail","hentry","category-noticias","category-noticias-destacadas","tag-ambiente","tag-lorena-tapia","tag-mae","tag-ministra-del-ambiente","xfolkentry"],"_links":{"self":[{"href":"https:\/\/www.ambienteyenergia.gob.ec\/ambiente\/wp-json\/wp\/v2\/posts\/16642","targetHints":{"allow":["GET"]}}],"collection":[{"href":"https:\/\/www.ambienteyenergia.gob.ec\/ambiente\/wp-json\/wp\/v2\/posts"}],"about":[{"href":"https:\/\/www.ambienteyenergia.gob.ec\/ambiente\/wp-json\/wp\/v2\/types\/post"}],"author":[{"embeddable":true,"href":"https:\/\/www.ambienteyenergia.gob.ec\/ambiente\/wp-json\/wp\/v2\/users\/13"}],"replies":[{"embeddable":true,"href":"https:\/\/www.ambienteyenergia.gob.ec\/ambiente\/wp-json\/wp\/v2\/comments?post=16642"}],"version-history":[{"count":0,"href":"https:\/\/www.ambienteyenergia.gob.ec\/ambiente\/wp-json\/wp\/v2\/posts\/16642\/revisions"}],"wp:featuredmedia":[{"embeddable":true,"href":"https:\/\/www.ambienteyenergia.gob.ec\/ambiente\/wp-json\/wp\/v2\/media\/16647"}],"wp:attachment":[{"href":"https:\/\/www.ambienteyenergia.gob.ec\/ambiente\/wp-json\/wp\/v2\/media?parent=16642"}],"wp:term":[{"taxonomy":"category","embeddable":true,"href":"https:\/\/www.ambienteyenergia.gob.ec\/ambiente\/wp-json\/wp\/v2\/categories?post=16642"},{"taxonomy":"post_tag","embeddable":true,"href":"https:\/\/www.ambienteyenergia.gob.ec\/ambiente\/wp-json\/wp\/v2\/tags?post=16642"}],"curies":[{"name":"wp","href":"https:\/\/api.w.org\/{rel}","templated":true}]}}