{"id":16633,"date":"2013-11-13T13:58:47","date_gmt":"2013-11-13T18:58:47","guid":{"rendered":"http:\/\/www.ambiente.gob.ec\/?p=16633"},"modified":"2013-11-18T14:30:53","modified_gmt":"2013-11-18T19:30:53","slug":"ecuador-participo-en-la-decimo-novena-conferencia-de-las-partes-de-la-convencion-marco-de-naciones-unidas-sobre-cambio-climatico-cop19","status":"publish","type":"post","link":"https:\/\/www.ambienteyenergia.gob.ec\/ambiente\/ecuador-participo-en-la-decimo-novena-conferencia-de-las-partes-de-la-convencion-marco-de-naciones-unidas-sobre-cambio-climatico-cop19\/","title":{"rendered":"Ecuador participa en la d\u00e9cimo novena Conferencia de las Partes de la Convenci\u00f3n Marco de Naciones Unidas sobre Cambio Clim\u00e1tico \u2013 COP19"},"content":{"rendered":"<p style=\"text-align: justify;\">El pasado 11 de noviembre, inici\u00f3 la D\u00e9cimo Novena Conferencia de las Partes &#8211; COP19 de la Convenci\u00f3n Marco de Naciones Unidas sobre Cambio Clim\u00e1tico \u2013UNFCCC, en Varsovia, Polonia. La delegaci\u00f3n de Ecuador est\u00e1 integrada por representantes de los Ministerios del Ambiente; Relaciones Exteriores y Movilidad Humana; de Agricultura y Ganader\u00eda, Acuacultura y Pesca.<\/p>\n<p style=\"text-align: justify;\">Durante el discurso de apertura, el nuevo Presidente de la Conferencia de las Partes, Marcin Korolec, Ministro de Ambiente de Polonia, sostuvo que el cambio clim\u00e1tico es un problema global que debe entenderse como una oportunidad global. <i>\u201cSi no podemos coordinar acciones es un problema, pero se convierte en una oportunidad si trabajamos juntos. Un pa\u00eds o un grupo de pa\u00edses no pueden hacer la diferencia, pero si trabajamos juntos, unidos como lo estamos aqu\u00ed, lo podremos conseguir\u201d,<\/i> recalc\u00f3.<\/p>\n<p style=\"text-align: justify;\">Asimismo, en sus intervenciones, representantes de los gobiernos de otros pa\u00edses, apelaron hacia un compromiso global para limitar las emisiones de gases de efecto invernadero. Esto con el fin de comprometer no s\u00f3lo acciones a nivel gubernamental, sino un esfuerzo mancomunado del sector privado y la sociedad civil, para alcanzar un progreso real hacia un acuerdo exitoso de cambio clim\u00e1tico, que ser\u00e1 suscrito en el 2015.<\/p>\n<p style=\"text-align: justify;\">Ecuador, en representaci\u00f3n de la Alianza Bolivariana para los Pueblos de Nuestra Am\u00e9rica (ALBA), constituida por Antigua y Barbuda, Bolivia, Cuba, Dominica, Ecuador, Nicaragua, San Vicente y Granadinas y Venezuela, destac\u00f3 la importancia de la entrada en vigencia del Segundo Per\u00edodo de Compromisos del Protocolo de Kioto, cuyo estado confirma dos realidades latentes, la falta de voluntad pol\u00edtica de los pa\u00edses para cumplir con sus compromisos de reducci\u00f3n de gases de efecto invernadero y la falta de predisposici\u00f3n para suscribir cualquier tipo de acuerdo en el 2015, que tenga la naturaleza de ser un acuerdo vinculante.<\/p>\n<p style=\"text-align: justify;\">Finalmente, Ecuador insisti\u00f3 en la profunda preocupaci\u00f3n del ALBA por el d\u00e9bil estado del Fondo de Adaptaci\u00f3n y la necesidad de un mayor apoyo a las medidas de adaptaci\u00f3n de los pa\u00edses en desarrollo, que deber\u00e1 complementarse con la operacionalizaci\u00f3n de un mecanismo internacional sobre p\u00e9rdidas y da\u00f1os que permita a los pa\u00edses en v\u00edas de desarrollo enfrentar los efectos adversos del cambio clim\u00e1tico del que no han sido responsables.<\/p>\n<p style=\"text-align: justify;\"><strong>Intervenci\u00f3n del Ministerio del Ambiente en la Convenci\u00f3n<\/strong><\/p>\n<p style=\"text-align: justify;\">La Ministra del Ambiente, Lorena Tapia y el subsecretario de Cambio Clim\u00e1tico, Eduardo Noboa como jefe de la delegaci\u00f3n; participar\u00e1n en la Convenci\u00f3n durante el segmento de alto nivel que se realizar\u00e1 del 19 al 22 de noviembre. La posici\u00f3n ecuatoriana ser\u00e1 liderada por esta Cartera de Estado, bas\u00e1ndose en los puntos priorizados en la Hoja de Ruta de Bali y en los principios establecidos en la D\u00e9cimo Tercera Convenci\u00f3n, en la que se generaron compromisos con relaci\u00f3n a los temas de mitigaci\u00f3n y adaptaci\u00f3n al cambio clim\u00e1tico, el desarrollo y transferencia de tecnolog\u00eda, el fomento de capacidades y financiamiento.<\/p>\n<p style=\"text-align: justify;\"><strong>\u00bfQu\u00e9 es la COP?<\/strong><\/p>\n<p style=\"text-align: justify;\">La Conferencia de las Partes (COP), se realiza todos los a\u00f1os desde el a\u00f1o de 1995 y es el \u00f3rgano supremo de la Convenci\u00f3n Marco de las Naciones Unidas sobre el Cambio Clim\u00e1tico (CMNUCC). De la misma manera, la COP en calidad de reuni\u00f3n de las Partes del Protocolo de Kioto (CMP) es el \u00f3rgano supremo de dicho instrumento. Tanto la COP como la CMP se re\u00fanen anualmente con la funci\u00f3n de supervisar y examinar la aplicaci\u00f3n de la Convenci\u00f3n y del Protocolo, y desarrollar el proceso de negociaci\u00f3n entre las partes de la Convenci\u00f3n ante nuevos compromisos.<\/p>\n<p style=\"text-align: justify;\">\n","protected":false},"excerpt":{"rendered":"<p class=\"excerpt\">El pasado 11 de noviembre, inici\u00f3 la D\u00e9cimo Novena Conferencia de las Partes &#8211; COP19 de la Convenci\u00f3n Marco de Naciones Unidas sobre Cambio Clim\u00e1tico \u2013UNFCCC, en Varsovia, Polonia. La delegaci\u00f3n de Ecuador est\u00e1 integrada por representantes de los Ministerios del Ambiente; Relaciones Exteriores y Movilidad Humana; de Agricultura y Ganader\u00eda, Acuacultura y Pesca. Durante el discurso de apertura, el&hellip; <a href=\"https:\/\/www.ambienteyenergia.gob.ec\/ambiente\/ecuador-participo-en-la-decimo-novena-conferencia-de-las-partes-de-la-convencion-marco-de-naciones-unidas-sobre-cambio-climatico-cop19\/\">Read more &rarr;<\/a><\/p>\n","protected":false},"author":13,"featured_media":16680,"comment_status":"open","ping_status":"open","sticky":false,"template":"","format":"standard","meta":{"footnotes":""},"categories":[16,4],"tags":[],"class_list":["post-16633","post","type-post","status-publish","format-standard","has-post-thumbnail","hentry","category-comunicamos","category-noticias","xfolkentry"],"_links":{"self":[{"href":"https:\/\/www.ambienteyenergia.gob.ec\/ambiente\/wp-json\/wp\/v2\/posts\/16633","targetHints":{"allow":["GET"]}}],"collection":[{"href":"https:\/\/www.ambienteyenergia.gob.ec\/ambiente\/wp-json\/wp\/v2\/posts"}],"about":[{"href":"https:\/\/www.ambienteyenergia.gob.ec\/ambiente\/wp-json\/wp\/v2\/types\/post"}],"author":[{"embeddable":true,"href":"https:\/\/www.ambienteyenergia.gob.ec\/ambiente\/wp-json\/wp\/v2\/users\/13"}],"replies":[{"embeddable":true,"href":"https:\/\/www.ambienteyenergia.gob.ec\/ambiente\/wp-json\/wp\/v2\/comments?post=16633"}],"version-history":[{"count":0,"href":"https:\/\/www.ambienteyenergia.gob.ec\/ambiente\/wp-json\/wp\/v2\/posts\/16633\/revisions"}],"wp:featuredmedia":[{"embeddable":true,"href":"https:\/\/www.ambienteyenergia.gob.ec\/ambiente\/wp-json\/wp\/v2\/media\/16680"}],"wp:attachment":[{"href":"https:\/\/www.ambienteyenergia.gob.ec\/ambiente\/wp-json\/wp\/v2\/media?parent=16633"}],"wp:term":[{"taxonomy":"category","embeddable":true,"href":"https:\/\/www.ambienteyenergia.gob.ec\/ambiente\/wp-json\/wp\/v2\/categories?post=16633"},{"taxonomy":"post_tag","embeddable":true,"href":"https:\/\/www.ambienteyenergia.gob.ec\/ambiente\/wp-json\/wp\/v2\/tags?post=16633"}],"curies":[{"name":"wp","href":"https:\/\/api.w.org\/{rel}","templated":true}]}}