{"id":16627,"date":"2013-11-13T13:56:51","date_gmt":"2013-11-13T18:56:51","guid":{"rendered":"http:\/\/www.ambiente.gob.ec\/?p=16627"},"modified":"2013-11-13T13:56:51","modified_gmt":"2013-11-13T18:56:51","slug":"mae-inspecciono-reforestacion-en-bosque-protector-cerro-colorado-en-guayaquil","status":"publish","type":"post","link":"https:\/\/www.ambienteyenergia.gob.ec\/ambiente\/mae-inspecciono-reforestacion-en-bosque-protector-cerro-colorado-en-guayaquil\/","title":{"rendered":"MAE inspeccion\u00f3 reforestaci\u00f3n en Bosque Protector Cerro Colorado en Guayaquil"},"content":{"rendered":"<p style=\"text-align: justify;\">Ayer, la Viceministra del Ambiente (MAE), M\u00f3nica Hidalgo, realiz\u00f3 una inspecci\u00f3n en el Bosque Protector Cerro Colorado, ubicado en el interior de la Reserva Recreacional Samanes en Guayaquil, donde se constat\u00f3 la reforestaci\u00f3n de 2,4 hect\u00e1reas con 1 500 plantas nativas del bosque.<\/p>\n<p style=\"text-align: justify;\">El jefe de la Reserva de Producci\u00f3n de Faunas de Manglares, Sebasti\u00e1n Alvarado y el personal de Servicio Civil Ciudadano, presentaron a la autoridad ambiental el semillero, que cuenta con una gran variedad de plantas, entre ellas est\u00e1n el guayac\u00e1n, laurel, cascol, sam\u00e1n, fernan s\u00e1nchez, b\u00e1lsamo, guasmo, palo de ajo, palo de sand\u00eda, bototillo, niguito y otras especies originarias del bosque seco tropical que fueron plantadas el martes pasado.<\/p>\n<p style=\"text-align: justify;\">En el sector donde se realiza la gesti\u00f3n ambiental, el pasado lunes 11 de noviembre, se desaloj\u00f3 a invasores que ten\u00edan construcciones ilegales con el objetivo de conservar \u00e9sta \u00e1rea protegida. Guardaparques de esta Cartera de Estado recogieron la madera talada ilegalmente en el sitio del desalojo y recolectaron las semillas de \u00e1rboles nativos.<\/p>\n<p style=\"text-align: justify;\">Las actividades de mantenimiento del sector reforestado van a continuar. El MAE velar\u00e1 por el cumplimiento de la conservaci\u00f3n de ecosistemas fr\u00e1giles y amenazados tal como lo establece la Constituci\u00f3n de la Rep\u00fablica.<\/p>\n<p style=\"text-align: justify;\">\u00a0<a href=\"http:\/\/www.ambienteyenergia.gob.ec\/ambiente\/wp-content\/uploads\/2013\/11\/vicemin2.jpg\"><img loading=\"lazy\" decoding=\"async\" class=\"aligncenter size-full wp-image-16628\" alt=\"MAE inspeccion\u00f3 reforestaci\u00f3n en Bosque Protector Cerro Colorado en Guayaquil\" src=\"http:\/\/www.ambienteyenergia.gob.ec\/ambiente\/wp-content\/uploads\/2013\/11\/vicemin2.jpg\" width=\"650\" height=\"433\" srcset=\"https:\/\/www.ambienteyenergia.gob.ec\/ambiente\/wp-content\/uploads\/sites\/2\/2013\/11\/vicemin2.jpg 650w, https:\/\/www.ambienteyenergia.gob.ec\/ambiente\/wp-content\/uploads\/sites\/2\/2013\/11\/vicemin2-300x199.jpg 300w, https:\/\/www.ambienteyenergia.gob.ec\/ambiente\/wp-content\/uploads\/sites\/2\/2013\/11\/vicemin2-450x300.jpg 450w\" sizes=\"auto, (max-width: 650px) 100vw, 650px\" \/><\/a> <a href=\"http:\/\/www.ambienteyenergia.gob.ec\/ambiente\/wp-content\/uploads\/2013\/11\/vicemin3.jpg\"><img loading=\"lazy\" decoding=\"async\" class=\"aligncenter size-full wp-image-16629\" alt=\"MAE inspeccion\u00f3 reforestaci\u00f3n en Bosque Protector Cerro Colorado en Guayaquil\" src=\"http:\/\/www.ambienteyenergia.gob.ec\/ambiente\/wp-content\/uploads\/2013\/11\/vicemin3.jpg\" width=\"650\" height=\"366\" srcset=\"https:\/\/www.ambienteyenergia.gob.ec\/ambiente\/wp-content\/uploads\/sites\/2\/2013\/11\/vicemin3.jpg 650w, https:\/\/www.ambienteyenergia.gob.ec\/ambiente\/wp-content\/uploads\/sites\/2\/2013\/11\/vicemin3-300x168.jpg 300w, https:\/\/www.ambienteyenergia.gob.ec\/ambiente\/wp-content\/uploads\/sites\/2\/2013\/11\/vicemin3-500x281.jpg 500w\" sizes=\"auto, (max-width: 650px) 100vw, 650px\" \/><\/a><\/p>\n","protected":false},"excerpt":{"rendered":"<p class=\"excerpt\">Ayer, la Viceministra del Ambiente (MAE), M\u00f3nica Hidalgo, realiz\u00f3 una inspecci\u00f3n en el Bosque Protector Cerro Colorado, ubicado en el interior de la Reserva Recreacional Samanes en Guayaquil, donde se constat\u00f3 la reforestaci\u00f3n de 2,4 hect\u00e1reas con 1 500 plantas nativas del bosque. El jefe de la Reserva de Producci\u00f3n de Faunas de Manglares, Sebasti\u00e1n Alvarado y el personal de&hellip; <a href=\"https:\/\/www.ambienteyenergia.gob.ec\/ambiente\/mae-inspecciono-reforestacion-en-bosque-protector-cerro-colorado-en-guayaquil\/\">Read more &rarr;<\/a><\/p>\n","protected":false},"author":13,"featured_media":16630,"comment_status":"open","ping_status":"open","sticky":false,"template":"","format":"standard","meta":{"footnotes":""},"categories":[16,4],"tags":[],"class_list":["post-16627","post","type-post","status-publish","format-standard","has-post-thumbnail","hentry","category-comunicamos","category-noticias","xfolkentry"],"_links":{"self":[{"href":"https:\/\/www.ambienteyenergia.gob.ec\/ambiente\/wp-json\/wp\/v2\/posts\/16627","targetHints":{"allow":["GET"]}}],"collection":[{"href":"https:\/\/www.ambienteyenergia.gob.ec\/ambiente\/wp-json\/wp\/v2\/posts"}],"about":[{"href":"https:\/\/www.ambienteyenergia.gob.ec\/ambiente\/wp-json\/wp\/v2\/types\/post"}],"author":[{"embeddable":true,"href":"https:\/\/www.ambienteyenergia.gob.ec\/ambiente\/wp-json\/wp\/v2\/users\/13"}],"replies":[{"embeddable":true,"href":"https:\/\/www.ambienteyenergia.gob.ec\/ambiente\/wp-json\/wp\/v2\/comments?post=16627"}],"version-history":[{"count":0,"href":"https:\/\/www.ambienteyenergia.gob.ec\/ambiente\/wp-json\/wp\/v2\/posts\/16627\/revisions"}],"wp:featuredmedia":[{"embeddable":true,"href":"https:\/\/www.ambienteyenergia.gob.ec\/ambiente\/wp-json\/wp\/v2\/media\/16630"}],"wp:attachment":[{"href":"https:\/\/www.ambienteyenergia.gob.ec\/ambiente\/wp-json\/wp\/v2\/media?parent=16627"}],"wp:term":[{"taxonomy":"category","embeddable":true,"href":"https:\/\/www.ambienteyenergia.gob.ec\/ambiente\/wp-json\/wp\/v2\/categories?post=16627"},{"taxonomy":"post_tag","embeddable":true,"href":"https:\/\/www.ambienteyenergia.gob.ec\/ambiente\/wp-json\/wp\/v2\/tags?post=16627"}],"curies":[{"name":"wp","href":"https:\/\/api.w.org\/{rel}","templated":true}]}}