{"id":16617,"date":"2013-11-13T11:22:09","date_gmt":"2013-11-13T16:22:09","guid":{"rendered":"http:\/\/www.ambiente.gob.ec\/?p=16617"},"modified":"2013-11-13T11:30:27","modified_gmt":"2013-11-13T16:30:27","slug":"osezno-fue-trasladado-a-centro-de-rescate-para-proceso-de-rehabilitacion","status":"publish","type":"post","link":"https:\/\/www.ambienteyenergia.gob.ec\/ambiente\/osezno-fue-trasladado-a-centro-de-rescate-para-proceso-de-rehabilitacion\/","title":{"rendered":"Osezno fue trasladado a centro de rescate para proceso de rehabilitaci\u00f3n"},"content":{"rendered":"<p style=\"text-align: justify;\">Ayer, el Ministerio del Ambiente (MAE) traslad\u00f3 a un osezno rescatado el pasado 21 de agosto, al centro de rescate Ilitio, ubicado en la parroquia Mulal\u00f3, provincia de Cotopaxi. El animal luego de ser recuperado por esta Cartera de Estado, permaneci\u00f3 por un per\u00edodo de tres meses en la Cl\u00ednica Veterinaria Planeta Vida, en donde le proporcionaron los mejores cuidados con el objetivo de que se restablezca totalmente y pueda ser reinsertado en su h\u00e1bitat natural. El animal fue dado de alta y ahora, entrar\u00e1 en un proceso de aislamiento con el fin de prepararlo para su supervivencia en el ecosistema al que pertenece.<\/p>\n<p style=\"text-align: justify;\">El esp\u00e9cimen ingres\u00f3 a la cl\u00ednica en p\u00e9simas condiciones de salud, resultado de una mala intervenci\u00f3n m\u00e9dica, en la que le suministraron medicamentos equivocados. La p\u00e9sima atenci\u00f3n que recibi\u00f3 el osezno, previo a ser rescatada por el MAE, retras\u00f3 sin duda su recuperaci\u00f3n. Pero, pese a ello, hoy est\u00e1 completamente restablecido. \u201cHa recuperado peso y las caracter\u00edsticas propias de su especie\u201d, expres\u00f3 Diego Medina, propietario de la Cl\u00ednica Planeta Vida.<\/p>\n<p style=\"text-align: justify;\">Por su parte, Ver\u00f3nica Cepeda, Directora Provincial del Ambiente de Cotopaxi, afirm\u00f3 que es responsabilidad del Ministerio del Ambiente precautelar y garantizar el bienestar del osito. Por esta raz\u00f3n, \u201cel osezno ser\u00e1 trasladado al centro de rescate -avalado por el MAE- en el que se realizar\u00e1 un seguimiento de su comportamiento, que presumo puede ser de dos a tres meses, para\u00a0\u00a0\u00a0 luego de un exahustivo monitoreo determinar si esta apto para ser reinsertado en su h\u00e1bitat natural. Esto depender\u00e1 de como vaya su desarrollo\u201d, asegur\u00f3.<\/p>\n<p style=\"text-align: justify;\">Gracias a las c\u00e1maras trampa ubicadas dentro del ecosistema creado por la cl\u00ednica para el oso, se pudo divisar la exitosa recuperaci\u00f3n del ejemplar. Sus travesuras superan el l\u00edmite de los cuidados, ha recuperado su fuerza y es un poco agresivo, caracter\u00edstica positiva, pues significa que ser\u00e1 m\u00e1s f\u00e1cil devolverlo a su entorno.<\/p>\n<p style=\"text-align: justify;\">Para trasladarlo, se utiliz\u00f3 una jaula previamente adaptada para que el animal se sintiera m\u00e1s c\u00f3modo y no produzca en \u00e9l un estr\u00e9s excesivo. Al llegar al centro de rescate Ilitio, t\u00e9cnicos del MAE inspeccionaron el lugar, antes de efectuar la liberaci\u00f3n. El sitio en el que permanecer\u00e1 es bastante amplio y est\u00e1 adecuado con flora perteneciente a su ambiente.<\/p>\n<p style=\"text-align: justify;\">Sebasti\u00e1n Kohn, Administrador del Centro de Rescate Ilitio, expres\u00f3 que \u201cla meta es alimentarlo bastante para que recupere peso, crezca un poco m\u00e1s y este listo para ser liberado. Lo mantendremos en aislamiento de humanos y de animales dom\u00e9sticos para que no se acostumbre a nuestra presencia y sea m\u00e1s simple su adaptaci\u00f3n\u201d.<\/p>\n<p style=\"text-align: justify;\">Si bien, no se puede determinar cuanto tiempo debe estar el animal en recuperaci\u00f3n, se estima sea pocos meses. Para ello, el MAE se mantendr\u00e1 vigilante en todo el proceso con el fin de agilitar su recuperaci\u00f3n.<\/p>\n<p style=\"text-align: justify;\">\u201cEste osezno forma parte de un programa de rehabilitaci\u00f3n del MAE, que esta enfocado b\u00e1sicamente en proporcionar alimentaci\u00f3n, estimular el comportamiento de las especies para que\u00a0 se adapten y puedan volver a ser parte de la vida silvestre\u201d, reiter\u00f3 Yolanda Gualoto, veterinaria del MAE.<\/p>\n<p style=\"text-align: justify;\">La prioridad de esta Cartera de Estado es liberar a todos los animales rescatados, no siempre es posible, pero se busca que la mayor\u00eda de los espec\u00edmenes que se encuentran en recuperaci\u00f3n se mantengan fuera de todo tipo de exhibici\u00f3n y contacto humano, para que no se hagan dependientes, ni pierdan su libertad.<\/p>\n<p style=\"text-align: justify;\">El MAE se enfoca en la conservaci\u00f3n de los recursos naturales y la preservaci\u00f3n de los ecosistemas, dentro de los cuales habitan especies de vida silvestre.<\/p>\n<p style=\"text-align: justify;\">En ese sentido, la Directora Provincial del Ambiente de Cotopaxi realiz\u00f3 un llamado de atenci\u00f3n a la ciudadan\u00eda para que no destruya la naturaleza y explic\u00f3 las causas por las que los animales silvestres se movilizan cerca de las ciudades. \u201cSu h\u00e1bitat se est\u00e1 destruyendo, por eso migran a buscar alimentos. Por ello, el mensaje a la ciudadan\u00eda es conservar la naturaleza, pues dentro de ella encontramos innumerables ecosistemas que contienen microorganismos los cuales son necesarios para el desarrollo de la vida\u201d, asegur\u00f3.<\/p>\n<p style=\"text-align: justify;\"><strong>Proceso de recuperaci\u00f3n del oso Pinocho<\/strong><\/p>\n<p style=\"text-align: justify;\">Asimismo, el MAE visit\u00f3 el <b>\u00a0<\/b>Eco Zool\u00f3gico San Mart\u00edn,\u00a0 ubicado en la ciudad de Ba\u00f1os de Agua Santa, provincia de Tungurahua, para verificar los avances del osezno Pinocho. El cachorro permanece cerca de dos meses en el centro de recuperaci\u00f3n alejado de todo contacto humano, lo que significa grandes progresos en su recuperaci\u00f3n.<\/p>\n<p style=\"text-align: justify;\">Actualmente, el osezno es poseedor de un estado de salud excelente. Orlando Vega, propietario del Eco Zool\u00f3gico San Mart\u00edn, mencion\u00f3 que el Pinocho permanece cerca de dos meses en este centro de rehabilitaci\u00f3n junto a Estrellita -un oso hembra de mayor edad- con la que comparte espacio. \u201cAmbas especies est\u00e1n tomando fuerza y esperamos que pronto puedan ser devueltas a su hogar\u201d, ratific\u00f3.<\/p>\n<p style=\"text-align: justify;\">Finalmente, Vega reiter\u00f3 que el progreso de Pinocho es notable, gracias a las dietas especiales que le brindan y a los cuidados que recibe.<\/p>\n<p style=\"text-align: justify;\">\u00a0<a href=\"http:\/\/www.ambienteyenergia.gob.ec\/ambiente\/wp-content\/uploads\/2013\/11\/IMG_0026.jpg\"><img loading=\"lazy\" decoding=\"async\" class=\"aligncenter size-full wp-image-16619\" alt=\"Osezno fue trasladado a centro de rescate para proceso de rehabilitaci\u00f3n \" src=\"http:\/\/www.ambienteyenergia.gob.ec\/ambiente\/wp-content\/uploads\/2013\/11\/IMG_0026.jpg\" width=\"650\" height=\"433\" srcset=\"https:\/\/www.ambienteyenergia.gob.ec\/ambiente\/wp-content\/uploads\/sites\/2\/2013\/11\/IMG_0026.jpg 650w, https:\/\/www.ambienteyenergia.gob.ec\/ambiente\/wp-content\/uploads\/sites\/2\/2013\/11\/IMG_0026-300x199.jpg 300w, https:\/\/www.ambienteyenergia.gob.ec\/ambiente\/wp-content\/uploads\/sites\/2\/2013\/11\/IMG_0026-450x300.jpg 450w\" sizes=\"auto, (max-width: 650px) 100vw, 650px\" \/><\/a><\/p>\n","protected":false},"excerpt":{"rendered":"<p class=\"excerpt\">Ayer, el Ministerio del Ambiente (MAE) traslad\u00f3 a un osezno rescatado el pasado 21 de agosto, al centro de rescate Ilitio, ubicado en la parroquia Mulal\u00f3, provincia de Cotopaxi. El animal luego de ser recuperado por esta Cartera de Estado, permaneci\u00f3 por un per\u00edodo de tres meses en la Cl\u00ednica Veterinaria Planeta Vida, en donde le proporcionaron los mejores cuidados&hellip; <a href=\"https:\/\/www.ambienteyenergia.gob.ec\/ambiente\/osezno-fue-trasladado-a-centro-de-rescate-para-proceso-de-rehabilitacion\/\">Read more &rarr;<\/a><\/p>\n","protected":false},"author":13,"featured_media":16618,"comment_status":"open","ping_status":"open","sticky":false,"template":"","format":"standard","meta":{"footnotes":""},"categories":[16,4],"tags":[],"class_list":["post-16617","post","type-post","status-publish","format-standard","has-post-thumbnail","hentry","category-comunicamos","category-noticias","xfolkentry"],"_links":{"self":[{"href":"https:\/\/www.ambienteyenergia.gob.ec\/ambiente\/wp-json\/wp\/v2\/posts\/16617","targetHints":{"allow":["GET"]}}],"collection":[{"href":"https:\/\/www.ambienteyenergia.gob.ec\/ambiente\/wp-json\/wp\/v2\/posts"}],"about":[{"href":"https:\/\/www.ambienteyenergia.gob.ec\/ambiente\/wp-json\/wp\/v2\/types\/post"}],"author":[{"embeddable":true,"href":"https:\/\/www.ambienteyenergia.gob.ec\/ambiente\/wp-json\/wp\/v2\/users\/13"}],"replies":[{"embeddable":true,"href":"https:\/\/www.ambienteyenergia.gob.ec\/ambiente\/wp-json\/wp\/v2\/comments?post=16617"}],"version-history":[{"count":0,"href":"https:\/\/www.ambienteyenergia.gob.ec\/ambiente\/wp-json\/wp\/v2\/posts\/16617\/revisions"}],"wp:featuredmedia":[{"embeddable":true,"href":"https:\/\/www.ambienteyenergia.gob.ec\/ambiente\/wp-json\/wp\/v2\/media\/16618"}],"wp:attachment":[{"href":"https:\/\/www.ambienteyenergia.gob.ec\/ambiente\/wp-json\/wp\/v2\/media?parent=16617"}],"wp:term":[{"taxonomy":"category","embeddable":true,"href":"https:\/\/www.ambienteyenergia.gob.ec\/ambiente\/wp-json\/wp\/v2\/categories?post=16617"},{"taxonomy":"post_tag","embeddable":true,"href":"https:\/\/www.ambienteyenergia.gob.ec\/ambiente\/wp-json\/wp\/v2\/tags?post=16617"}],"curies":[{"name":"wp","href":"https:\/\/api.w.org\/{rel}","templated":true}]}}