{"id":16610,"date":"2013-11-13T08:58:31","date_gmt":"2013-11-13T13:58:31","guid":{"rendered":"http:\/\/www.ambiente.gob.ec\/?p=16610"},"modified":"2013-11-13T09:47:25","modified_gmt":"2013-11-13T14:47:25","slug":"mae-levanta-informacion-de-reptiles-en-los-rios-de-esmeraldas","status":"publish","type":"post","link":"https:\/\/www.ambienteyenergia.gob.ec\/ambiente\/mae-levanta-informacion-de-reptiles-en-los-rios-de-esmeraldas\/","title":{"rendered":"MAE levanta informaci\u00f3n de reptiles en los r\u00edos de Esmeraldas"},"content":{"rendered":"<p style=\"text-align: justify;\">El avistamiento de cocodrilos, caimanes o lagartos en los r\u00edos de Esmeraldas, Quinind\u00e9 y R\u00edo Verde, en la provincia de Esmeraldas, motiv\u00f3 al Ministerio del Ambiente (MAE) a elaborar un informe de estas especies en peligro de extinci\u00f3n.<\/p>\n<p style=\"text-align: justify;\">Este diagn\u00f3stico lo realizar\u00e1n t\u00e9cnicos de la Unidad de Vida Silvestre de la Direcci\u00f3n Provincial del Ministerio del Ambiente de Esmeraldas, en coordinaci\u00f3n con la Fundaci\u00f3n Ecol\u00f3gica Rescate Jambel\u00ed, de la ciudad de Guayaquil.<\/p>\n<p style=\"text-align: justify;\">En ese sentido, Narcisa C\u00e1rdenas, Directora Provincial del Ambiente de Esmeraldas, mencion\u00f3 que este a\u00f1o \u00a0se receptaron varias denuncias de distintas comunidades, reportando la presencia de estos reptiles. Por esta raz\u00f3n, con la finalidad de precautelar el bienestar de la ciudadan\u00eda y de las especies, se realizaron monitoreos fluviales, terrestres y charlas de sensibilizaci\u00f3n a los estudiantes y docentes de las unidades educativas que se encuentran en las zonas de avistamiento de los esp\u00e9cimenes.<\/p>\n<p style=\"text-align: justify;\">La Fundaci\u00f3n Ecol\u00f3gica Jambel\u00ed que trabaja desde hace tres d\u00e9cadas con especies en peligro de extinci\u00f3n, como el cocodrilo Acutus y el caim\u00e1n de anteojos, especies que podr\u00edan ser las divisadas por pobladores que habitan a orillas de los r\u00edos Esmeraldas, R\u00edo Verde y Quinind\u00e9. Rafaela Orrantia, directora de la fundaci\u00f3n, dijo que el Ministerio del Ambiente, decidir\u00e1 las acciones a seguir, luego de levantar la informaci\u00f3n base de la ubicaci\u00f3n\u00a0 de estos animales y si representan riesgos en zonas de pesca y turismo.<\/p>\n<p style=\"text-align: justify;\">El MAE como principal autoridad ambiental, con el objetivo de informar a la poblaci\u00f3n sobre las especies en peligro de extinci\u00f3n y fomentar su protecci\u00f3n, propuso la campa\u00f1a \u201cProtege Ecuador, la responsabilidad es de todos\u201d.<\/p>\n<p style=\"text-align: justify;\">En total 1 252 especies de vertebrados se encuentra dentro de alguna categor\u00eda de amenaza, de los cuales 217 especies son mam\u00edferos, 238 especies son aves, 276 especies son reptiles y 521 especies son anfibios.<\/p>\n<p style=\"text-align: justify;\"><a href=\"http:\/\/www.ambienteyenergia.gob.ec\/ambiente\/wp-content\/uploads\/2013\/11\/DSC_2739.jpg\"><img loading=\"lazy\" decoding=\"async\" class=\"aligncenter size-full wp-image-16614\" alt=\"MAE levanta informaci\u00f3n de reptiles en los r\u00edos de Esmeraldas\" src=\"http:\/\/www.ambienteyenergia.gob.ec\/ambiente\/wp-content\/uploads\/2013\/11\/DSC_2739.jpg\" width=\"650\" height=\"436\" srcset=\"https:\/\/www.ambienteyenergia.gob.ec\/ambiente\/wp-content\/uploads\/sites\/2\/2013\/11\/DSC_2739.jpg 650w, https:\/\/www.ambienteyenergia.gob.ec\/ambiente\/wp-content\/uploads\/sites\/2\/2013\/11\/DSC_2739-300x201.jpg 300w, https:\/\/www.ambienteyenergia.gob.ec\/ambiente\/wp-content\/uploads\/sites\/2\/2013\/11\/DSC_2739-447x300.jpg 447w\" sizes=\"auto, (max-width: 650px) 100vw, 650px\" \/><\/a><\/p>\n","protected":false},"excerpt":{"rendered":"<p class=\"excerpt\">El avistamiento de cocodrilos, caimanes o lagartos en los r\u00edos de Esmeraldas, Quinind\u00e9 y R\u00edo Verde, en la provincia de Esmeraldas, motiv\u00f3 al Ministerio del Ambiente (MAE) a elaborar un informe de estas especies en peligro de extinci\u00f3n. Este diagn\u00f3stico lo realizar\u00e1n t\u00e9cnicos de la Unidad de Vida Silvestre de la Direcci\u00f3n Provincial del Ministerio del Ambiente de Esmeraldas, en&hellip; <a href=\"https:\/\/www.ambienteyenergia.gob.ec\/ambiente\/mae-levanta-informacion-de-reptiles-en-los-rios-de-esmeraldas\/\">Read more &rarr;<\/a><\/p>\n","protected":false},"author":13,"featured_media":16613,"comment_status":"open","ping_status":"open","sticky":false,"template":"","format":"standard","meta":{"footnotes":""},"categories":[16,4],"tags":[],"class_list":["post-16610","post","type-post","status-publish","format-standard","has-post-thumbnail","hentry","category-comunicamos","category-noticias","xfolkentry"],"_links":{"self":[{"href":"https:\/\/www.ambienteyenergia.gob.ec\/ambiente\/wp-json\/wp\/v2\/posts\/16610","targetHints":{"allow":["GET"]}}],"collection":[{"href":"https:\/\/www.ambienteyenergia.gob.ec\/ambiente\/wp-json\/wp\/v2\/posts"}],"about":[{"href":"https:\/\/www.ambienteyenergia.gob.ec\/ambiente\/wp-json\/wp\/v2\/types\/post"}],"author":[{"embeddable":true,"href":"https:\/\/www.ambienteyenergia.gob.ec\/ambiente\/wp-json\/wp\/v2\/users\/13"}],"replies":[{"embeddable":true,"href":"https:\/\/www.ambienteyenergia.gob.ec\/ambiente\/wp-json\/wp\/v2\/comments?post=16610"}],"version-history":[{"count":0,"href":"https:\/\/www.ambienteyenergia.gob.ec\/ambiente\/wp-json\/wp\/v2\/posts\/16610\/revisions"}],"wp:featuredmedia":[{"embeddable":true,"href":"https:\/\/www.ambienteyenergia.gob.ec\/ambiente\/wp-json\/wp\/v2\/media\/16613"}],"wp:attachment":[{"href":"https:\/\/www.ambienteyenergia.gob.ec\/ambiente\/wp-json\/wp\/v2\/media?parent=16610"}],"wp:term":[{"taxonomy":"category","embeddable":true,"href":"https:\/\/www.ambienteyenergia.gob.ec\/ambiente\/wp-json\/wp\/v2\/categories?post=16610"},{"taxonomy":"post_tag","embeddable":true,"href":"https:\/\/www.ambienteyenergia.gob.ec\/ambiente\/wp-json\/wp\/v2\/tags?post=16610"}],"curies":[{"name":"wp","href":"https:\/\/api.w.org\/{rel}","templated":true}]}}