{"id":16607,"date":"2013-11-12T16:12:20","date_gmt":"2013-11-12T21:12:20","guid":{"rendered":"http:\/\/www.ambiente.gob.ec\/?p=16607"},"modified":"2013-11-12T16:12:20","modified_gmt":"2013-11-12T21:12:20","slug":"mae-presento-publicacion-que-recoge-los-incentivos-para-la-conservacion-ambiental","status":"publish","type":"post","link":"https:\/\/www.ambienteyenergia.gob.ec\/ambiente\/mae-presento-publicacion-que-recoge-los-incentivos-para-la-conservacion-ambiental\/","title":{"rendered":"MAE present\u00f3 publicaci\u00f3n que recoge los Incentivos para la Conservaci\u00f3n Ambiental"},"content":{"rendered":"<p style=\"text-align: justify;\">En el marco del Proyecto de Sostenibilidad Financiera (PSF) de \u00c1reas Protegidas, el Ministerio del Ambiente (MAE) con el apoyo del Programa de las Naciones Unidas para el Desarrollo (PNUD) y el Fondo para el Medio Ambiente Mundial (GEF),desarrollaron el evento de presentaci\u00f3n de la publicaci\u00f3n titulada: Compilaci\u00f3n actualizada de incentivos ambientales\u201d, el pasado 11 de noviembre en el Museo Mindalae en Quito.<\/p>\n<p style=\"text-align: justify;\">El encuentro cont\u00f3 con la participaci\u00f3n de Christian Ter\u00e1n, Subsecretario de Patrimonio Natural; Francisco Prieto, Director Nacional de Biodiversidad del Ministerio del Ambiente; Gabriel Jaramillo del Programa de las Naciones Unidas para el Desarrollo; Zornitza Aguilar, Coordinadora del PSF y Andrea Navarro de Ediciones Legales, entidad que aport\u00f3 en la consolidaci\u00f3n de la informaci\u00f3n para esta publicaci\u00f3n.<\/p>\n<p style=\"text-align: justify;\">\u201cEsta publicaci\u00f3n nos compromete a todos los ecuatorianos con los procesos de conservaci\u00f3n del ambiente, con el fin de generar iniciativas que preserven la biodiversidad y el patrimonio natural, la misma que ser\u00e1 actualizada una vez m\u00e1s luego de seis meses.\u201d, indic\u00f3 Francisco Prieto, durante su intervenci\u00f3n.<\/p>\n<p style=\"text-align: justify;\">De la misma forma, funcionarios del MAE, miembros de la Corporaci\u00f3n Nacional de Bosques y Reservas Privadas del Ecuador (CNBRPE), representantes de la cooperaci\u00f3n internacional y nacional, entre otros actores, compartieron un espacio en el que se explic\u00f3 a detalle el contenido de este documento, el cual describe cada uno de los incentivos ambientales y fiscales que promueven la conservaci\u00f3n de ecosistemas naturales de inter\u00e9s nacional. Tomando en cuenta para ello la existencia de leyes, reglamentos, decretos y ordenanzas en las cuales se encuentran detallados incentivos puntuales relacionados con el cuidado del medio ambiente y de la biodiversidad en particular.<\/p>\n<p style=\"text-align: justify;\">\u201cA trav\u00e9s de esta herramienta, que ha sido impulsada como trabajo conjunto entre el Estado, la cooperaci\u00f3n internacional y la participaci\u00f3n activa de la sociedad civil, se pretende incentivar\u00a0 en la construcci\u00f3n de nuevos paradigmas que reconozcan el valor de los potenciales servicios proporcionados por los ecosistemas y su biodiversidad\u201d, se\u00f1al\u00f3 Christian Ter\u00e1n, Subsecretario de Patrimonio Natural del MAE.<\/p>\n","protected":false},"excerpt":{"rendered":"<p class=\"excerpt\">En el marco del Proyecto de Sostenibilidad Financiera (PSF) de \u00c1reas Protegidas, el Ministerio del Ambiente (MAE) con el apoyo del Programa de las Naciones Unidas para el Desarrollo (PNUD) y el Fondo para el Medio Ambiente Mundial (GEF),desarrollaron el evento de presentaci\u00f3n de la publicaci\u00f3n titulada: Compilaci\u00f3n actualizada de incentivos ambientales\u201d, el pasado 11 de noviembre en el Museo&hellip; <a href=\"https:\/\/www.ambienteyenergia.gob.ec\/ambiente\/mae-presento-publicacion-que-recoge-los-incentivos-para-la-conservacion-ambiental\/\">Read more &rarr;<\/a><\/p>\n","protected":false},"author":13,"featured_media":16608,"comment_status":"open","ping_status":"open","sticky":false,"template":"","format":"standard","meta":{"footnotes":""},"categories":[16,4],"tags":[],"class_list":["post-16607","post","type-post","status-publish","format-standard","has-post-thumbnail","hentry","category-comunicamos","category-noticias","xfolkentry"],"_links":{"self":[{"href":"https:\/\/www.ambienteyenergia.gob.ec\/ambiente\/wp-json\/wp\/v2\/posts\/16607","targetHints":{"allow":["GET"]}}],"collection":[{"href":"https:\/\/www.ambienteyenergia.gob.ec\/ambiente\/wp-json\/wp\/v2\/posts"}],"about":[{"href":"https:\/\/www.ambienteyenergia.gob.ec\/ambiente\/wp-json\/wp\/v2\/types\/post"}],"author":[{"embeddable":true,"href":"https:\/\/www.ambienteyenergia.gob.ec\/ambiente\/wp-json\/wp\/v2\/users\/13"}],"replies":[{"embeddable":true,"href":"https:\/\/www.ambienteyenergia.gob.ec\/ambiente\/wp-json\/wp\/v2\/comments?post=16607"}],"version-history":[{"count":0,"href":"https:\/\/www.ambienteyenergia.gob.ec\/ambiente\/wp-json\/wp\/v2\/posts\/16607\/revisions"}],"wp:featuredmedia":[{"embeddable":true,"href":"https:\/\/www.ambienteyenergia.gob.ec\/ambiente\/wp-json\/wp\/v2\/media\/16608"}],"wp:attachment":[{"href":"https:\/\/www.ambienteyenergia.gob.ec\/ambiente\/wp-json\/wp\/v2\/media?parent=16607"}],"wp:term":[{"taxonomy":"category","embeddable":true,"href":"https:\/\/www.ambienteyenergia.gob.ec\/ambiente\/wp-json\/wp\/v2\/categories?post=16607"},{"taxonomy":"post_tag","embeddable":true,"href":"https:\/\/www.ambienteyenergia.gob.ec\/ambiente\/wp-json\/wp\/v2\/tags?post=16607"}],"curies":[{"name":"wp","href":"https:\/\/api.w.org\/{rel}","templated":true}]}}