{"id":16590,"date":"2013-11-12T09:12:39","date_gmt":"2013-11-12T14:12:39","guid":{"rendered":"http:\/\/www.ambiente.gob.ec\/?p=16590"},"modified":"2013-11-12T09:12:39","modified_gmt":"2013-11-12T14:12:39","slug":"antonia-juhasz-se-reunio-con-la-autoridad-ambiental-ecuatoriana","status":"publish","type":"post","link":"https:\/\/www.ambienteyenergia.gob.ec\/ambiente\/antonia-juhasz-se-reunio-con-la-autoridad-ambiental-ecuatoriana\/","title":{"rendered":"Antonia Juhasz se reuni\u00f3 con la autoridad ambiental ecuatoriana"},"content":{"rendered":"<p style=\"text-align: justify;\">Antonia Juhasz, reconocida analista petrolera estadounidense, visita el pa\u00eds para\u00a0comprobar el da\u00f1o que provoc\u00f3 la transnacional Chevron (ex Texaco) en la Amazon\u00eda\u00a0ecuatoriana. Para conocer m\u00e1s a fondo sobre este tema se reuni\u00f3 la tarde del lunes\u00a0con Pedro Merizalde, ministro de Recursos Naturales No Renovables, Lorena\u00a0Tapia, ministra de Ambiente; Juan Carlos Soria, subsecretario de Calidad Ambiental;\u00a0Paola Carrera, gerente Programa de Reparaci\u00f3n Ambiental y Social (PRAS); Jos\u00e9 Luis\u00a0Cort\u00e1zar, director de la Agencia de Regulaci\u00f3n y Control Hidrocarbur\u00edfero (ARCH) y\u00a0Oswaldo Madrid, gerente de Petroamazonas.<\/p>\n<p style=\"text-align: justify;\">Durante la conversaci\u00f3n mantenida en la Sala Verde del Ministerio del Ambiente\u00a0(MAE), la Ministra Tapia expuso a la analista estadounidense el marco de la pol\u00edtica\u00a0p\u00fablica de Estado ecuatoriano con respecto a la reparaci\u00f3n integral y las acciones\u00a0concretas que desde el MAE se han impulsado para reparar los da\u00f1os causados por la\u00a0actividad hidrocarbur\u00edfera manejada de manera irresponsable; entre ellas, la reubicaci\u00f3n\u00a0de hogares que benefici\u00f3 a 600 personas entre 2009 y 2010.<\/p>\n<p style=\"text-align: justify;\">El Estado ecuatoriano ha fomentado a trav\u00e9s de la Constituci\u00f3n Nacional y la\u00a0priorizaci\u00f3n de acciones de reparaci\u00f3n en zonas de alto riesgo; no obstante el trabajo\u00a0sobre las fuentes adjudicadas a Texaco no ha podido seguir porque constituyen las\u00a0pruebas en un juicio privado entre un grupo de ciudadanos y la empresa petrolera.<\/p>\n<p style=\"text-align: justify;\">Sin embargo, seg\u00fan la gerente del PRAS, frente a la campa\u00f1a de desprestigio que\u00a0Texaco emprendi\u00f3 contra el Estado ecuatoriano, la \u00fanica forma de reaccionar es con la\u00a0verdad y es por eso que actualmente el MAE est\u00e1 levantando informaci\u00f3n in situ que\u00a0permita construir una base de pruebas contra Texaco.<\/p>\n<p style=\"text-align: justify;\">Antonia Juhasz se mostr\u00f3 impresionada por los esfuerzos que el Gobierno est\u00e1 haciendo\u00a0para demostrar los da\u00f1os que dej\u00f3 la multinacional y por restablecer los derechos de\u00a0las personas que han sido afectadas por los pasivos ambientales. Seg\u00fan su experiencia,\u00a0\u201cTexaco hizo las cosas mal en todos los pa\u00edses en los que oper\u00f3 y debe pagar, restaurar \u00a0y reparar los da\u00f1os que caus\u00f3\u201d.<\/p>\n<p style=\"text-align: justify;\">Est\u00e1 previsto que entre el martes y mi\u00e9rcoles la analista viaje a Sucumb\u00edos y Orellana\u00a0para recorrer algunas zonas afectadas por Texaco, que oper\u00f3 en esa zona entre 1964 y\u00a01992. Juhasz no solo constatar\u00e1 las afectaciones ambientales, sino las deudas sociales\u00a0generadas como consecuencia de la exposici\u00f3n a hidrocarburos en la poblaci\u00f3n local.<\/p>\n","protected":false},"excerpt":{"rendered":"<p class=\"excerpt\">Antonia Juhasz, reconocida analista petrolera estadounidense, visita el pa\u00eds para\u00a0comprobar el da\u00f1o que provoc\u00f3 la transnacional Chevron (ex Texaco) en la Amazon\u00eda\u00a0ecuatoriana. Para conocer m\u00e1s a fondo sobre este tema se reuni\u00f3 la tarde del lunes\u00a0con Pedro Merizalde, ministro de Recursos Naturales No Renovables, Lorena\u00a0Tapia, ministra de Ambiente; Juan Carlos Soria, subsecretario de Calidad Ambiental;\u00a0Paola Carrera, gerente Programa de Reparaci\u00f3n&hellip; <a href=\"https:\/\/www.ambienteyenergia.gob.ec\/ambiente\/antonia-juhasz-se-reunio-con-la-autoridad-ambiental-ecuatoriana\/\">Read more &rarr;<\/a><\/p>\n","protected":false},"author":13,"featured_media":16593,"comment_status":"open","ping_status":"open","sticky":false,"template":"","format":"standard","meta":{"footnotes":""},"categories":[16,4],"tags":[358,108,53,359],"class_list":["post-16590","post","type-post","status-publish","format-standard","has-post-thumbnail","hentry","category-comunicamos","category-noticias","tag-antonia-juhasz","tag-lorena-tapia","tag-mae","tag-texaco","xfolkentry"],"_links":{"self":[{"href":"https:\/\/www.ambienteyenergia.gob.ec\/ambiente\/wp-json\/wp\/v2\/posts\/16590","targetHints":{"allow":["GET"]}}],"collection":[{"href":"https:\/\/www.ambienteyenergia.gob.ec\/ambiente\/wp-json\/wp\/v2\/posts"}],"about":[{"href":"https:\/\/www.ambienteyenergia.gob.ec\/ambiente\/wp-json\/wp\/v2\/types\/post"}],"author":[{"embeddable":true,"href":"https:\/\/www.ambienteyenergia.gob.ec\/ambiente\/wp-json\/wp\/v2\/users\/13"}],"replies":[{"embeddable":true,"href":"https:\/\/www.ambienteyenergia.gob.ec\/ambiente\/wp-json\/wp\/v2\/comments?post=16590"}],"version-history":[{"count":0,"href":"https:\/\/www.ambienteyenergia.gob.ec\/ambiente\/wp-json\/wp\/v2\/posts\/16590\/revisions"}],"wp:featuredmedia":[{"embeddable":true,"href":"https:\/\/www.ambienteyenergia.gob.ec\/ambiente\/wp-json\/wp\/v2\/media\/16593"}],"wp:attachment":[{"href":"https:\/\/www.ambienteyenergia.gob.ec\/ambiente\/wp-json\/wp\/v2\/media?parent=16590"}],"wp:term":[{"taxonomy":"category","embeddable":true,"href":"https:\/\/www.ambienteyenergia.gob.ec\/ambiente\/wp-json\/wp\/v2\/categories?post=16590"},{"taxonomy":"post_tag","embeddable":true,"href":"https:\/\/www.ambienteyenergia.gob.ec\/ambiente\/wp-json\/wp\/v2\/tags?post=16590"}],"curies":[{"name":"wp","href":"https:\/\/api.w.org\/{rel}","templated":true}]}}