{"id":16588,"date":"2013-11-11T20:11:10","date_gmt":"2013-11-12T01:11:10","guid":{"rendered":"http:\/\/www.ambiente.gob.ec\/?p=16588"},"modified":"2013-11-11T20:11:10","modified_gmt":"2013-11-12T01:11:10","slug":"otros-siete-acusados-de-mineria-ilegal-en-sigsig-restauraran-los-danos-causados-en-la-cuenca-del-rio-paute","status":"publish","type":"post","link":"https:\/\/www.ambienteyenergia.gob.ec\/ambiente\/otros-siete-acusados-de-mineria-ilegal-en-sigsig-restauraran-los-danos-causados-en-la-cuenca-del-rio-paute\/","title":{"rendered":"Otros siete acusados de miner\u00eda ilegal en Sigsig restaurar\u00e1n los da\u00f1os causados en la cuenca del r\u00edo Paute"},"content":{"rendered":"<p style=\"text-align: justify;\">El 4 de noviembre de 2013, siete de los ocho procesados por delito ambiental, implicados en actividades de miner\u00eda ilegal en la parroquia Sigsig, provincia del Azuay, aceptaron su responsabilidad y manifestaron su voluntad de reparar el da\u00f1o ambiental que cometieron en el Bosque Protector de la cuenca del R\u00edo Paute ante el Segundo Tribunal de Garant\u00edas Penales del Azuay.<\/p>\n<p style=\"text-align: justify;\">El 30 de enero pasado, Fabio G., Wladimir V., Wilman O., \u00c1ngel O, Isabelina P., \u00a0Luis C., y Jos\u00e9 V.,\u00a0 fueron implicados en actividades extractivas ilegales junto a otras 34 personas, luego de un operativo interinstitucional denominado Ayll\u00f3n 3.<\/p>\n<p style=\"text-align: justify;\">Esa madrugada 235 polic\u00edas y 105 miembros de las Fuerzas Armadas, junto a funcionarios del Ministerio del Ambiente (MAE), la Agencia de Regulaci\u00f3n y Control Minero (ARCOM) y la Fiscal\u00eda llegaron a una zona afectada por la miner\u00eda aur\u00edfera aluvial. Adem\u00e1s de ejecutar las detenciones se inhabilit\u00f3 cinco campamentos y se detuvo a 41 personas, 21 ecuatorianos y 20 colombianos.<\/p>\n<p style=\"text-align: justify;\">Posteriormente, se abri\u00f3 cinco procesos judiciales de car\u00e1cter penal, uno por cada campamento ubicado en parte del bosque protector. Los procesados a los que se hace referencia en este comunicado trabajaban en el campamento uno.<\/p>\n<p style=\"text-align: justify;\">Para que la suspensi\u00f3n condicional sea concedida los implicados se comprometieron a cumplir con los siguientes requisitos:<\/p>\n<p style=\"text-align: justify;\">a) Deben abstenerse de realizar actividades mineras ilegales en el Bosque Protector de la Cuenca del R\u00edo Paute, cant\u00f3n Sigsig, parroquia Sigsig y en otras partes del territorio nacional.<\/p>\n<p style=\"text-align: justify;\">b) \u00a0Formular\u00e1n un plan de remediaci\u00f3n y reparaci\u00f3n del campamento 1 de SigSig con la ayuda del departamento de Gesti\u00f3n Ambiental de la municipalidad de SigSig basada en los informes de Valoraci\u00f3n suscrito por t\u00e9cnicos del PRAS, el mismo que deber\u00e1 ser aprobado por el PRAS en el t\u00e9rmino de 2 meses y ejecutarse en 2 a\u00f1os.<\/p>\n<p style=\"text-align: justify;\">c) \u00a0Recibir\u00e1n capacitaci\u00f3n en la Direcci\u00f3n Provincial del Ambiente del Azuay, una vez al mes por tres meses.<\/p>\n<p style=\"text-align: justify;\">d) No podr\u00e1n tener instrucci\u00f3n fiscal por dos a\u00f1os, excepto el procesado Jos\u00e9 O., a quien \u00a0por encontrarse pr\u00f3fugo se le revoca la medida sustitutiva y se ordena la prisi\u00f3n preventiva.<\/p>\n<p style=\"text-align: justify;\">Este es el tercer caso en el cual la Justicia ecuatoriana acepta una solicitud de suspensi\u00f3n condicional del procedimiento en delitos de materia ambiental. La primera vez que se procedi\u00f3 de esta manera fue con cuatro procesados por delito de contaminaci\u00f3n ambiental por miner\u00eda ilegal en Yacuambi, provincia de Zamora Chinchipe. La segunda experiencia se obtuvo en el caso del campamento cinco en Sigsig.<\/p>\n<p style=\"text-align: justify;\">En todos los casos citados, la aplicaci\u00f3n de esta medida alternativa no representa la terminaci\u00f3n de los procesos judiciales. Si alguno de los acusados incumple alguna de las condiciones, se proceder\u00e1 a solicitar la revocatoria de la suspensi\u00f3n condicional y entonces se continuar\u00eda con la audiencia de juzgamiento sin opci\u00f3n a un segundo pedido de suspensi\u00f3n.<\/p>\n","protected":false},"excerpt":{"rendered":"<p class=\"excerpt\">El 4 de noviembre de 2013, siete de los ocho procesados por delito ambiental, implicados en actividades de miner\u00eda ilegal en la parroquia Sigsig, provincia del Azuay, aceptaron su responsabilidad y manifestaron su voluntad de reparar el da\u00f1o ambiental que cometieron en el Bosque Protector de la cuenca del R\u00edo Paute ante el Segundo Tribunal de Garant\u00edas Penales del Azuay.&hellip; <a href=\"https:\/\/www.ambienteyenergia.gob.ec\/ambiente\/otros-siete-acusados-de-mineria-ilegal-en-sigsig-restauraran-los-danos-causados-en-la-cuenca-del-rio-paute\/\">Read more &rarr;<\/a><\/p>\n","protected":false},"author":13,"featured_media":16585,"comment_status":"open","ping_status":"open","sticky":false,"template":"","format":"standard","meta":{"footnotes":""},"categories":[4],"tags":[51,53,54,299,335],"class_list":["post-16588","post","type-post","status-publish","format-standard","has-post-thumbnail","hentry","category-noticias","tag-ambiente","tag-mae","tag-ministerio-del-ambiente","tag-pras","tag-sigsig","xfolkentry"],"_links":{"self":[{"href":"https:\/\/www.ambienteyenergia.gob.ec\/ambiente\/wp-json\/wp\/v2\/posts\/16588","targetHints":{"allow":["GET"]}}],"collection":[{"href":"https:\/\/www.ambienteyenergia.gob.ec\/ambiente\/wp-json\/wp\/v2\/posts"}],"about":[{"href":"https:\/\/www.ambienteyenergia.gob.ec\/ambiente\/wp-json\/wp\/v2\/types\/post"}],"author":[{"embeddable":true,"href":"https:\/\/www.ambienteyenergia.gob.ec\/ambiente\/wp-json\/wp\/v2\/users\/13"}],"replies":[{"embeddable":true,"href":"https:\/\/www.ambienteyenergia.gob.ec\/ambiente\/wp-json\/wp\/v2\/comments?post=16588"}],"version-history":[{"count":0,"href":"https:\/\/www.ambienteyenergia.gob.ec\/ambiente\/wp-json\/wp\/v2\/posts\/16588\/revisions"}],"wp:featuredmedia":[{"embeddable":true,"href":"https:\/\/www.ambienteyenergia.gob.ec\/ambiente\/wp-json\/wp\/v2\/media\/16585"}],"wp:attachment":[{"href":"https:\/\/www.ambienteyenergia.gob.ec\/ambiente\/wp-json\/wp\/v2\/media?parent=16588"}],"wp:term":[{"taxonomy":"category","embeddable":true,"href":"https:\/\/www.ambienteyenergia.gob.ec\/ambiente\/wp-json\/wp\/v2\/categories?post=16588"},{"taxonomy":"post_tag","embeddable":true,"href":"https:\/\/www.ambienteyenergia.gob.ec\/ambiente\/wp-json\/wp\/v2\/tags?post=16588"}],"curies":[{"name":"wp","href":"https:\/\/api.w.org\/{rel}","templated":true}]}}