{"id":16581,"date":"2013-11-11T16:51:18","date_gmt":"2013-11-11T21:51:18","guid":{"rendered":"http:\/\/www.ambiente.gob.ec\/?p=16581"},"modified":"2013-11-11T16:51:18","modified_gmt":"2013-11-11T21:51:18","slug":"mae-organizo-taller-para-introduccion-a-la-tematica-de-cambio-climatico-en-herramientas-de-planificacion-territorial","status":"publish","type":"post","link":"https:\/\/www.ambienteyenergia.gob.ec\/ambiente\/mae-organizo-taller-para-introduccion-a-la-tematica-de-cambio-climatico-en-herramientas-de-planificacion-territorial\/","title":{"rendered":"MAE organiz\u00f3 taller para introducci\u00f3n a la tem\u00e1tica de Cambio Clim\u00e1tico en herramientas de planificaci\u00f3n territorial"},"content":{"rendered":"<p style=\"text-align: justify;\">El Ministerio del Ambiente (MAE) realiz\u00f3 el pasado 6 de noviembre, el \u201cTaller de introducci\u00f3n a la tem\u00e1tica de cambio clim\u00e1tico en herramientas de planificaci\u00f3n territorial\u201d con las direcciones de Ordenamiento Territorial, Estudios y Proyectos-Obras P\u00fablicas, Gesti\u00f3n Social y Productiva, Riego y Drenaje, Patronato y Gesti\u00f3n Ambiental del Gobierno Aut\u00f3nomo Descentralizado Provincial de Cotopaxi.<\/p>\n<p style=\"text-align: justify;\">Durante la jornada de capacitaci\u00f3n, los asistentes trabajaron en la identificaci\u00f3n de fortalezas y debilidades en temas de gesti\u00f3n de la investigaci\u00f3n y la transferencia del conocimiento; gesti\u00f3n del riesgo, gesti\u00f3n del recurso agua para riego, uso del territorio como estrategia para disminuir la vulnerabilidad; reducci\u00f3n de impactos ambientales, econ\u00f3micos y sociales; capacidad de adaptaci\u00f3n a nivel de sectores y sistemas; generaci\u00f3n de pol\u00edticas p\u00fablicas; gesti\u00f3n de la cooperaci\u00f3n institucional y los recursos para la adaptaci\u00f3n, control y monitoreo de variables meteorol\u00f3gicas y reporte de eventos extremos.<\/p>\n<p style=\"text-align: justify;\">Como resultado de este trabajo conjunto, se pudieron establecer observaciones y recomendaciones comunes tales como:<\/p>\n<ul style=\"text-align: justify;\">\n<li><b>Pol\u00edticas p\u00fablicas<\/b> para el uso adecuado de los recursos y para fomentar la adaptaci\u00f3n al cambio clim\u00e1tico.<\/li>\n<li><b>Base de datos<\/b> de eventos extremos e informaci\u00f3n en torno al tema para el intercambio y fortalecimiento. Por ejemplo promover los Sistemas de Alerta temprana, sistemas de informaci\u00f3n meteorol\u00f3gica Provincial.<\/li>\n<li>Institucionalizar la <b>Gesti\u00f3n de Riesgos<\/b> en el GAD Provincial a trav\u00e9s de Planes de Contingencia.<\/li>\n<li><b>Articulaci\u00f3n<\/b> de la planificaci\u00f3n entre las Unidades del GAD Provincial y a trav\u00e9s de las alianzas con otras instituciones<\/li>\n<li>Incluir <b>Capacitaci\u00f3n<\/b> te\u00f3rico \u2013 pr\u00e1ctica en las distintas unidades y hacia la colectividad.<\/li>\n<li><b>Gesti\u00f3n del Agua<\/b> a trav\u00e9s de pol\u00edticas de redistribuci\u00f3n en torno a la optimizaci\u00f3n de los sistemas de Riego, conservaci\u00f3n de caudales ecol\u00f3gicos, y conservaci\u00f3n de los ecosistemas.<\/li>\n<li>Identificar y ejecutar <b>Proyectos y Macro proyectos<\/b> atractivos en base a las experiencias y aprendizajes locales, por ejemplo: obras civiles e infraestructura, conservaci\u00f3n de p\u00e1ramos con especies nativas, entre otros.<\/li>\n<li>Convenios de <b>alianzas estrat\u00e9gicas<\/b> que aseguren la asistencia t\u00e9cnica y el apoyo financiero y el aval de las instituciones respectivas, para las iniciativas que se desarrollen en el GAD en el marco de la adaptaci\u00f3n al Cambio Clim\u00e1tico.<\/li>\n<\/ul>\n<p style=\"text-align: justify;\">El compromiso pr\u00f3ximo es realizar un taller en coordinaci\u00f3n con los t\u00e9cnicos de la Agenda Productiva Provincial, el Plan Provincial de Riego y el PDOT para aterrizar las propuestas planteadas por los t\u00e9cnicos e incluir al cambio clim\u00e1tico como un eje transversal de planificaci\u00f3n dentro del GAD provincial de Cotopaxi.<\/p>\n","protected":false},"excerpt":{"rendered":"<p class=\"excerpt\">El Ministerio del Ambiente (MAE) realiz\u00f3 el pasado 6 de noviembre, el \u201cTaller de introducci\u00f3n a la tem\u00e1tica de cambio clim\u00e1tico en herramientas de planificaci\u00f3n territorial\u201d con las direcciones de Ordenamiento Territorial, Estudios y Proyectos-Obras P\u00fablicas, Gesti\u00f3n Social y Productiva, Riego y Drenaje, Patronato y Gesti\u00f3n Ambiental del Gobierno Aut\u00f3nomo Descentralizado Provincial de Cotopaxi. Durante la jornada de capacitaci\u00f3n, los&hellip; <a href=\"https:\/\/www.ambienteyenergia.gob.ec\/ambiente\/mae-organizo-taller-para-introduccion-a-la-tematica-de-cambio-climatico-en-herramientas-de-planificacion-territorial\/\">Read more &rarr;<\/a><\/p>\n","protected":false},"author":13,"featured_media":16582,"comment_status":"open","ping_status":"open","sticky":false,"template":"","format":"standard","meta":{"footnotes":""},"categories":[16,4],"tags":[],"class_list":["post-16581","post","type-post","status-publish","format-standard","has-post-thumbnail","hentry","category-comunicamos","category-noticias","xfolkentry"],"_links":{"self":[{"href":"https:\/\/www.ambienteyenergia.gob.ec\/ambiente\/wp-json\/wp\/v2\/posts\/16581","targetHints":{"allow":["GET"]}}],"collection":[{"href":"https:\/\/www.ambienteyenergia.gob.ec\/ambiente\/wp-json\/wp\/v2\/posts"}],"about":[{"href":"https:\/\/www.ambienteyenergia.gob.ec\/ambiente\/wp-json\/wp\/v2\/types\/post"}],"author":[{"embeddable":true,"href":"https:\/\/www.ambienteyenergia.gob.ec\/ambiente\/wp-json\/wp\/v2\/users\/13"}],"replies":[{"embeddable":true,"href":"https:\/\/www.ambienteyenergia.gob.ec\/ambiente\/wp-json\/wp\/v2\/comments?post=16581"}],"version-history":[{"count":0,"href":"https:\/\/www.ambienteyenergia.gob.ec\/ambiente\/wp-json\/wp\/v2\/posts\/16581\/revisions"}],"wp:featuredmedia":[{"embeddable":true,"href":"https:\/\/www.ambienteyenergia.gob.ec\/ambiente\/wp-json\/wp\/v2\/media\/16582"}],"wp:attachment":[{"href":"https:\/\/www.ambienteyenergia.gob.ec\/ambiente\/wp-json\/wp\/v2\/media?parent=16581"}],"wp:term":[{"taxonomy":"category","embeddable":true,"href":"https:\/\/www.ambienteyenergia.gob.ec\/ambiente\/wp-json\/wp\/v2\/categories?post=16581"},{"taxonomy":"post_tag","embeddable":true,"href":"https:\/\/www.ambienteyenergia.gob.ec\/ambiente\/wp-json\/wp\/v2\/tags?post=16581"}],"curies":[{"name":"wp","href":"https:\/\/api.w.org\/{rel}","templated":true}]}}