{"id":16575,"date":"2013-11-11T15:42:34","date_gmt":"2013-11-11T20:42:34","guid":{"rendered":"http:\/\/www.ambiente.gob.ec\/?p=16575"},"modified":"2013-11-11T15:42:34","modified_gmt":"2013-11-11T20:42:34","slug":"mae-socializo-la-campana-cuidemos-los-bosques-cuidemos-la-vida-en-esmeraldas","status":"publish","type":"post","link":"https:\/\/www.ambienteyenergia.gob.ec\/ambiente\/mae-socializo-la-campana-cuidemos-los-bosques-cuidemos-la-vida-en-esmeraldas\/","title":{"rendered":"MAE socializ\u00f3 la campa\u00f1a \u201cCuidemos los bosques, cuidemos la vida\u201d, en Esmeraldas"},"content":{"rendered":"<p style=\"text-align: justify;\">Con la presencia de Tatiana Mac\u00edas y Richard Barquer, presentadores de la televisi\u00f3n nacional, el Ministerio del Ambiente (MAE) realiz\u00f3 una gira de sketches por la provincia de Esmeraldas, para invitar a los ciudadanos a hacer conciencia sobre el problema y las implicaciones de la tala\u00a0 ilegal, que no es una alternativa de\u00a0 sostenibilidad para el desarrollo de las familias ecuatorianas.<\/p>\n<p style=\"text-align: justify;\">Los habitantes\u00a0 del cant\u00f3n San Lorenzo est\u00e1n de acuerdo con la medida que el MAE ha tomado respecto al Estado de Excepci\u00f3n. \u00abEsperamos que no sea una actividad de momento, sino que se replique con m\u00e1s frecuencia, para concienciar a todos de los beneficios que obtienen al trabajar en la actividad maderera de manera legal\u201d manifest\u00f3 Ver\u00f3nica Ayov\u00ed, moradora de la ciudad de San Lorenzo.<\/p>\n<p style=\"text-align: justify;\">La actividad se desarrollar\u00e1 en los cantones de San Lorenzo, R\u00edo Verde y Quinind\u00e9, los d\u00edas 9 y\u00a010 de Noviembre. A trav\u00e9s de concursos y premios, los participantes podr\u00e1n conocer y replicar el mensaje para cuidar los bosques.<\/p>\n<div id='gallery-1' class='gallery galleryid-16575 gallery-columns-3 gallery-size-thumbnail'><dl class='gallery-item'>\n\t\t\t<dt class='gallery-icon landscape'>\n\t\t\t\t<a href='https:\/\/www.ambienteyenergia.gob.ec\/ambiente\/mae-socializo-la-campana-cuidemos-los-bosques-cuidemos-la-vida-en-esmeraldas\/dsc_2458\/'><img loading=\"lazy\" decoding=\"async\" width=\"150\" height=\"150\" src=\"https:\/\/www.ambienteyenergia.gob.ec\/ambiente\/wp-content\/uploads\/sites\/2\/2013\/11\/DSC_2458-150x150.jpg\" class=\"attachment-thumbnail size-thumbnail\" alt=\"\" \/><\/a>\n\t\t\t<\/dt><\/dl><dl class='gallery-item'>\n\t\t\t<dt class='gallery-icon landscape'>\n\t\t\t\t<a href='https:\/\/www.ambienteyenergia.gob.ec\/ambiente\/mae-socializo-la-campana-cuidemos-los-bosques-cuidemos-la-vida-en-esmeraldas\/dsc_2546\/'><img loading=\"lazy\" decoding=\"async\" width=\"150\" height=\"150\" src=\"https:\/\/www.ambienteyenergia.gob.ec\/ambiente\/wp-content\/uploads\/sites\/2\/2013\/11\/DSC_2546-150x150.jpg\" class=\"attachment-thumbnail size-thumbnail\" alt=\"\" \/><\/a>\n\t\t\t<\/dt><\/dl><dl class='gallery-item'>\n\t\t\t<dt class='gallery-icon landscape'>\n\t\t\t\t<a href='https:\/\/www.ambienteyenergia.gob.ec\/ambiente\/mae-socializo-la-campana-cuidemos-los-bosques-cuidemos-la-vida-en-esmeraldas\/dsc_2563\/'><img loading=\"lazy\" decoding=\"async\" width=\"150\" height=\"150\" src=\"https:\/\/www.ambienteyenergia.gob.ec\/ambiente\/wp-content\/uploads\/sites\/2\/2013\/11\/DSC_2563-150x150.jpg\" class=\"attachment-thumbnail size-thumbnail\" alt=\"\" \/><\/a>\n\t\t\t<\/dt><\/dl><br style=\"clear: both\" \/>\n\t\t<\/div>\n\n","protected":false},"excerpt":{"rendered":"<p class=\"excerpt\">Con la presencia de Tatiana Mac\u00edas y Richard Barquer, presentadores de la televisi\u00f3n nacional, el Ministerio del Ambiente (MAE) realiz\u00f3 una gira de sketches por la provincia de Esmeraldas, para invitar a los ciudadanos a hacer conciencia sobre el problema y las implicaciones de la tala\u00a0 ilegal, que no es una alternativa de\u00a0 sostenibilidad para el desarrollo de las familias&hellip; <a href=\"https:\/\/www.ambienteyenergia.gob.ec\/ambiente\/mae-socializo-la-campana-cuidemos-los-bosques-cuidemos-la-vida-en-esmeraldas\/\">Read more &rarr;<\/a><\/p>\n","protected":false},"author":13,"featured_media":16576,"comment_status":"open","ping_status":"open","sticky":false,"template":"","format":"standard","meta":{"footnotes":""},"categories":[16,4],"tags":[],"class_list":["post-16575","post","type-post","status-publish","format-standard","has-post-thumbnail","hentry","category-comunicamos","category-noticias","xfolkentry"],"_links":{"self":[{"href":"https:\/\/www.ambienteyenergia.gob.ec\/ambiente\/wp-json\/wp\/v2\/posts\/16575","targetHints":{"allow":["GET"]}}],"collection":[{"href":"https:\/\/www.ambienteyenergia.gob.ec\/ambiente\/wp-json\/wp\/v2\/posts"}],"about":[{"href":"https:\/\/www.ambienteyenergia.gob.ec\/ambiente\/wp-json\/wp\/v2\/types\/post"}],"author":[{"embeddable":true,"href":"https:\/\/www.ambienteyenergia.gob.ec\/ambiente\/wp-json\/wp\/v2\/users\/13"}],"replies":[{"embeddable":true,"href":"https:\/\/www.ambienteyenergia.gob.ec\/ambiente\/wp-json\/wp\/v2\/comments?post=16575"}],"version-history":[{"count":0,"href":"https:\/\/www.ambienteyenergia.gob.ec\/ambiente\/wp-json\/wp\/v2\/posts\/16575\/revisions"}],"wp:featuredmedia":[{"embeddable":true,"href":"https:\/\/www.ambienteyenergia.gob.ec\/ambiente\/wp-json\/wp\/v2\/media\/16576"}],"wp:attachment":[{"href":"https:\/\/www.ambienteyenergia.gob.ec\/ambiente\/wp-json\/wp\/v2\/media?parent=16575"}],"wp:term":[{"taxonomy":"category","embeddable":true,"href":"https:\/\/www.ambienteyenergia.gob.ec\/ambiente\/wp-json\/wp\/v2\/categories?post=16575"},{"taxonomy":"post_tag","embeddable":true,"href":"https:\/\/www.ambienteyenergia.gob.ec\/ambiente\/wp-json\/wp\/v2\/tags?post=16575"}],"curies":[{"name":"wp","href":"https:\/\/api.w.org\/{rel}","templated":true}]}}