{"id":16561,"date":"2013-11-11T12:50:33","date_gmt":"2013-11-11T17:50:33","guid":{"rendered":"http:\/\/www.ambiente.gob.ec\/?p=16561"},"modified":"2013-11-11T12:50:33","modified_gmt":"2013-11-11T17:50:33","slug":"mae-socializa-incentivos-socio-bosque-en-canton-rio-verde","status":"publish","type":"post","link":"https:\/\/www.ambienteyenergia.gob.ec\/ambiente\/mae-socializa-incentivos-socio-bosque-en-canton-rio-verde\/","title":{"rendered":"MAE socializa incentivos Socio Bosque en Cant\u00f3n Rio Verde"},"content":{"rendered":"<p style=\"text-align: justify;\">En el marco del Estado de Excepci\u00f3n declarado en la provincia de Esmeraldas el pasado 23 de septiembre, el Ministerio del Ambiente (MAE), a trav\u00e9s del Programa Socio Bosque, realiz\u00f3 la socializaci\u00f3n sobre los beneficios de esta iniciativa ambiental y la importancia del mantenimiento de los bosques en el cant\u00f3n Rio Verde, provincia de Esmeraldas.<\/p>\n<p style=\"text-align: justify;\">Las parroquias de Papayal, Tortuga, Partidero, Cumbres Altas, Mocale, Chontaduro, tienen en su territorio la presencia de un equipo de Socio Bosque, que brinda asistencia t\u00e9cnica a todas las personas interesadas en conocer m\u00e1s sobre este incentivo forestal.<\/p>\n<p style=\"text-align: justify;\">En las visitas t\u00e9cnicas se incluyeron jornadas de capacitaci\u00f3n con los alumnos del colegio Chone en temas de educaci\u00f3n ambiental y funcionamiento del Programa Socio Bosque, como propuesta del Gobierno al cuidado integral del patrimonio natural y los ecosistemas vivos en Esmeraldas.<\/p>\n<p style=\"text-align: justify;\">Actualmente, el equipo t\u00e9cnico de esta iniciativa est\u00e1 recopilando documentaci\u00f3n para que los postulantes de las parroquias socializadas puedan convertirse en beneficiarios en cualquiera de los incentivos que ofrece este Programa en todo el pa\u00eds. Estos incentivos son: conservaci\u00f3n, reforestaci\u00f3n, restauraci\u00f3n pasiva, manejo forestal, adjudicaci\u00f3n de tierras y biocomercio.<\/p>\n<p>El MAE, como rector ambiental, busca fortalecer la estrategia de incentivos econ\u00f3micos y no econ\u00f3micos del Programa Socio Bosque como alternativa para los habitantes de Esmeraldas y todo el pa\u00eds, quienes al comprometerse con el cuidado del ambiente deciden mantener y mejorar las condiciones ambientales de sus bosques.<\/p>\n<p style=\"text-align: justify;\">El objetivo del Estado de Excepci\u00f3n declarado por el Gobierno Nacional es frenar la tala del bosque nativo en Esmeraldas y promover la regeneraci\u00f3n natural, a trav\u00e9s de un manejo forestal sostenible en la provincia.<\/p>\n<p style=\"text-align: justify;\">Esta Cartera de Estado trabaja desde el 2008 a trav\u00e9s de la creaci\u00f3n del Programa Socio Bosque para disminuir los \u00edndices de deforestaci\u00f3n en la provincia y en todo el pa\u00eds. Al momento 54 mil hect\u00e1reas de bosques son conservadas por el Gobierno Nacional en la provincia costera.<\/p>\n<p>Esta medida solicitada por el Estado Ecuatoriano salvaguarda la productividad de bosques nativos y promueve la conservaci\u00f3n del patrimonio natural en Esmeraldas y el Ecuador.<\/p>\n","protected":false},"excerpt":{"rendered":"<p class=\"excerpt\">En el marco del Estado de Excepci\u00f3n declarado en la provincia de Esmeraldas el pasado 23 de septiembre, el Ministerio del Ambiente (MAE), a trav\u00e9s del Programa Socio Bosque, realiz\u00f3 la socializaci\u00f3n sobre los beneficios de esta iniciativa ambiental y la importancia del mantenimiento de los bosques en el cant\u00f3n Rio Verde, provincia de Esmeraldas. Las parroquias de Papayal, Tortuga,&hellip; <a href=\"https:\/\/www.ambienteyenergia.gob.ec\/ambiente\/mae-socializa-incentivos-socio-bosque-en-canton-rio-verde\/\">Read more &rarr;<\/a><\/p>\n","protected":false},"author":13,"featured_media":16562,"comment_status":"open","ping_status":"open","sticky":false,"template":"","format":"standard","meta":{"footnotes":""},"categories":[16,4],"tags":[],"class_list":["post-16561","post","type-post","status-publish","format-standard","has-post-thumbnail","hentry","category-comunicamos","category-noticias","xfolkentry"],"_links":{"self":[{"href":"https:\/\/www.ambienteyenergia.gob.ec\/ambiente\/wp-json\/wp\/v2\/posts\/16561","targetHints":{"allow":["GET"]}}],"collection":[{"href":"https:\/\/www.ambienteyenergia.gob.ec\/ambiente\/wp-json\/wp\/v2\/posts"}],"about":[{"href":"https:\/\/www.ambienteyenergia.gob.ec\/ambiente\/wp-json\/wp\/v2\/types\/post"}],"author":[{"embeddable":true,"href":"https:\/\/www.ambienteyenergia.gob.ec\/ambiente\/wp-json\/wp\/v2\/users\/13"}],"replies":[{"embeddable":true,"href":"https:\/\/www.ambienteyenergia.gob.ec\/ambiente\/wp-json\/wp\/v2\/comments?post=16561"}],"version-history":[{"count":0,"href":"https:\/\/www.ambienteyenergia.gob.ec\/ambiente\/wp-json\/wp\/v2\/posts\/16561\/revisions"}],"wp:featuredmedia":[{"embeddable":true,"href":"https:\/\/www.ambienteyenergia.gob.ec\/ambiente\/wp-json\/wp\/v2\/media\/16562"}],"wp:attachment":[{"href":"https:\/\/www.ambienteyenergia.gob.ec\/ambiente\/wp-json\/wp\/v2\/media?parent=16561"}],"wp:term":[{"taxonomy":"category","embeddable":true,"href":"https:\/\/www.ambienteyenergia.gob.ec\/ambiente\/wp-json\/wp\/v2\/categories?post=16561"},{"taxonomy":"post_tag","embeddable":true,"href":"https:\/\/www.ambienteyenergia.gob.ec\/ambiente\/wp-json\/wp\/v2\/tags?post=16561"}],"curies":[{"name":"wp","href":"https:\/\/api.w.org\/{rel}","templated":true}]}}