{"id":16558,"date":"2013-11-11T09:50:34","date_gmt":"2013-11-11T14:50:34","guid":{"rendered":"http:\/\/www.ambiente.gob.ec\/?p=16558"},"modified":"2013-11-11T09:50:34","modified_gmt":"2013-11-11T14:50:34","slug":"mae-realiza-monitoreo-del-condor-en-el-parque-nacional-sangay","status":"publish","type":"post","link":"https:\/\/www.ambienteyenergia.gob.ec\/ambiente\/mae-realiza-monitoreo-del-condor-en-el-parque-nacional-sangay\/","title":{"rendered":"MAE realiza monitoreo del c\u00f3ndor en el Parque Nacional Sangay"},"content":{"rendered":"<p style=\"text-align: justify;\">Las oportunidades de ver un c\u00f3ndor planeando por los cielos del p\u00e1ramo del Ecuador son remotas, pues se estima que en la actualidad existen tan solo una centena de individuos en el pa\u00eds y que su poblaci\u00f3n est\u00e1 en constante declinaci\u00f3n debido a su baja tasa reproductiva. Asimismo, estas emblem\u00e1ticas aves son victimas de la caza indiscriminada, por ser consideradas err\u00f3neamente como una amenaza para el ganado.<\/p>\n<p style=\"text-align: justify;\">En ese sentido, el Ministerio del Ambiente (MAE), a trav\u00e9s de la Direcci\u00f3n Provincial de Chimborazo, monitorea desde hace tres a\u00f1os a los c\u00f3ndores que se encuentran en el Parque Nacional Sangay zona alta. Como resultado de esta ardua labor, se obtuvieron algunos registros en donde se localiz\u00f3 una peque\u00f1a poblaci\u00f3n de c\u00f3ndores que habitan el Volc\u00e1n Altar, el Sendero Atillo \u2013 Ozogoche y el Camino del Inca. En total se han registrado en estas zonas tres adultos machos, dos adultos hembras, dos machos sub-adultos y un juvenil hembra.<\/p>\n<p style=\"text-align: justify;\">Los estudios, adem\u00e1s, permitieron identificar sus sitios de alimentaci\u00f3n y aportaron en la realizaci\u00f3n de mapas de su h\u00e1bitat en el Parque Nacional Sangay. Igualmente, se localizaron nidos o dormideros hist\u00f3ricos, sitios en los cuales es m\u00e1s f\u00e1cil monitorear sus movimientos.<\/p>\n<p style=\"text-align: justify;\">El MAE, como principal autoridad ambiental, preocupado por la conservaci\u00f3n de estas especies ejecuta campa\u00f1as ambientales en las comunidades y escuelas cercanas a las zonas de amortiguamiento, sobre la importancia de proteger a esta ave.<\/p>\n","protected":false},"excerpt":{"rendered":"<p class=\"excerpt\">Las oportunidades de ver un c\u00f3ndor planeando por los cielos del p\u00e1ramo del Ecuador son remotas, pues se estima que en la actualidad existen tan solo una centena de individuos en el pa\u00eds y que su poblaci\u00f3n est\u00e1 en constante declinaci\u00f3n debido a su baja tasa reproductiva. Asimismo, estas emblem\u00e1ticas aves son victimas de la caza indiscriminada, por ser consideradas&hellip; <a href=\"https:\/\/www.ambienteyenergia.gob.ec\/ambiente\/mae-realiza-monitoreo-del-condor-en-el-parque-nacional-sangay\/\">Read more &rarr;<\/a><\/p>\n","protected":false},"author":13,"featured_media":16559,"comment_status":"open","ping_status":"open","sticky":false,"template":"","format":"standard","meta":{"footnotes":""},"categories":[16,4],"tags":[],"class_list":["post-16558","post","type-post","status-publish","format-standard","has-post-thumbnail","hentry","category-comunicamos","category-noticias","xfolkentry"],"_links":{"self":[{"href":"https:\/\/www.ambienteyenergia.gob.ec\/ambiente\/wp-json\/wp\/v2\/posts\/16558","targetHints":{"allow":["GET"]}}],"collection":[{"href":"https:\/\/www.ambienteyenergia.gob.ec\/ambiente\/wp-json\/wp\/v2\/posts"}],"about":[{"href":"https:\/\/www.ambienteyenergia.gob.ec\/ambiente\/wp-json\/wp\/v2\/types\/post"}],"author":[{"embeddable":true,"href":"https:\/\/www.ambienteyenergia.gob.ec\/ambiente\/wp-json\/wp\/v2\/users\/13"}],"replies":[{"embeddable":true,"href":"https:\/\/www.ambienteyenergia.gob.ec\/ambiente\/wp-json\/wp\/v2\/comments?post=16558"}],"version-history":[{"count":0,"href":"https:\/\/www.ambienteyenergia.gob.ec\/ambiente\/wp-json\/wp\/v2\/posts\/16558\/revisions"}],"wp:featuredmedia":[{"embeddable":true,"href":"https:\/\/www.ambienteyenergia.gob.ec\/ambiente\/wp-json\/wp\/v2\/media\/16559"}],"wp:attachment":[{"href":"https:\/\/www.ambienteyenergia.gob.ec\/ambiente\/wp-json\/wp\/v2\/media?parent=16558"}],"wp:term":[{"taxonomy":"category","embeddable":true,"href":"https:\/\/www.ambienteyenergia.gob.ec\/ambiente\/wp-json\/wp\/v2\/categories?post=16558"},{"taxonomy":"post_tag","embeddable":true,"href":"https:\/\/www.ambienteyenergia.gob.ec\/ambiente\/wp-json\/wp\/v2\/tags?post=16558"}],"curies":[{"name":"wp","href":"https:\/\/api.w.org\/{rel}","templated":true}]}}