{"id":16542,"date":"2013-11-10T14:05:41","date_gmt":"2013-11-10T19:05:41","guid":{"rendered":"http:\/\/www.ambiente.gob.ec\/?p=16542"},"modified":"2013-11-10T17:03:33","modified_gmt":"2013-11-10T22:03:33","slug":"ministerio-del-ambiente-evalua-cumplimiento-del-plan-de-accion-en-esmeraldas","status":"publish","type":"post","link":"https:\/\/www.ambienteyenergia.gob.ec\/ambiente\/ministerio-del-ambiente-evalua-cumplimiento-del-plan-de-accion-en-esmeraldas\/","title":{"rendered":"Ministerio del Ambiente eval\u00faa cumplimiento del Plan de acci\u00f3n en Esmeraldas"},"content":{"rendered":"<p style=\"text-align: justify;\">A 13 d\u00edas de que se cumpla con los 60 d\u00edas dispuestos para el Estado de Excepci\u00f3n en la\u00a0provincia de Esmeraldas, este fin de semana la Ministra del Ambiente subrogante, M\u00f3nica\u00a0Hidalgo, mantuvo una reuni\u00f3n de trabajo con el general Carlos Obando, director de operaciones\u00a0del Comando Conjunto de las Fuerzas Armadas, representantes de la Polic\u00eda Nacional y\u00a0otras autoridades para evaluar los resultados del Plan de Acci\u00f3n ejecutado en la provincia y\u00a0sus alcances. \u201cEstamos realizando un seguimiento pormenorizado de las acciones para llevar\u00a0un control del cumplimiento de lo dispuesto en el Estado de Excepci\u00f3n\u201d, recalc\u00f3 la Ministra\u00a0subrogante, quien adem\u00e1s pidi\u00f3 reportes a los actores involucrados.<\/p>\n<p style=\"text-align: justify;\">En esa reuni\u00f3n a puerta cerrada se definieron estrategias para fortalecer las acciones de control\u00a0y evaluar los alcances que ha tenido la medida aplicada por decisi\u00f3n del presidente Rafael\u00a0Correa el pasado 23 de septiembre. El objetivo del Estado de Excepci\u00f3n es frenar la tala del\u00a0bosque nativo y de regeneraci\u00f3n natural de la provincia costera y promover un manejo forestal\u00a0sostenible.<\/p>\n<p style=\"text-align: justify;\">Tras la reuni\u00f3n, las autoridades realizaron un sobrevuelo en las reservas Pambilar, Manglares\u00a0Cayapas, Mataje, Cotacachi-Cayapas, Machi Chindul para definir estrategias futuras que se\u00a0cumplir\u00e1n y servir\u00e1n para dar seguimiento al Decreto 116 que proh\u00edbe la emisi\u00f3n de permisos\u00a0de tala en bosque nativo y la renovaci\u00f3n de los existentes.<\/p>\n<p style=\"text-align: justify;\">Esmeraldas es la provincia con el nivel m\u00e1s alto de deforestaci\u00f3n a nivel nacional. Es por ello,\u00a0que con esta medida, solicitada por la M\u00e1xima Autoridad Ambiental, esta Cartera de Estado,\u00a0salvaguarda la productividad de bosques nativos y la conservaci\u00f3n de sitios \u00fanicos que tiene el\u00a0patrimonio natural de la provincia de Esmeraldas y del Ecuador.<\/p>\n","protected":false},"excerpt":{"rendered":"<p class=\"excerpt\">A 13 d\u00edas de que se cumpla con los 60 d\u00edas dispuestos para el Estado de Excepci\u00f3n en la\u00a0provincia de Esmeraldas, este fin de semana la Ministra del Ambiente subrogante, M\u00f3nica\u00a0Hidalgo, mantuvo una reuni\u00f3n de trabajo con el general Carlos Obando, director de operaciones\u00a0del Comando Conjunto de las Fuerzas Armadas, representantes de la Polic\u00eda Nacional y\u00a0otras autoridades para evaluar los&hellip; <a href=\"https:\/\/www.ambienteyenergia.gob.ec\/ambiente\/ministerio-del-ambiente-evalua-cumplimiento-del-plan-de-accion-en-esmeraldas\/\">Read more &rarr;<\/a><\/p>\n","protected":false},"author":13,"featured_media":16543,"comment_status":"open","ping_status":"open","sticky":false,"template":"","format":"standard","meta":{"footnotes":""},"categories":[16,4],"tags":[55,333,108],"class_list":["post-16542","post","type-post","status-publish","format-standard","has-post-thumbnail","hentry","category-comunicamos","category-noticias","tag-esmeraldas","tag-estado-de-excepcion","tag-lorena-tapia","xfolkentry"],"_links":{"self":[{"href":"https:\/\/www.ambienteyenergia.gob.ec\/ambiente\/wp-json\/wp\/v2\/posts\/16542","targetHints":{"allow":["GET"]}}],"collection":[{"href":"https:\/\/www.ambienteyenergia.gob.ec\/ambiente\/wp-json\/wp\/v2\/posts"}],"about":[{"href":"https:\/\/www.ambienteyenergia.gob.ec\/ambiente\/wp-json\/wp\/v2\/types\/post"}],"author":[{"embeddable":true,"href":"https:\/\/www.ambienteyenergia.gob.ec\/ambiente\/wp-json\/wp\/v2\/users\/13"}],"replies":[{"embeddable":true,"href":"https:\/\/www.ambienteyenergia.gob.ec\/ambiente\/wp-json\/wp\/v2\/comments?post=16542"}],"version-history":[{"count":0,"href":"https:\/\/www.ambienteyenergia.gob.ec\/ambiente\/wp-json\/wp\/v2\/posts\/16542\/revisions"}],"wp:featuredmedia":[{"embeddable":true,"href":"https:\/\/www.ambienteyenergia.gob.ec\/ambiente\/wp-json\/wp\/v2\/media\/16543"}],"wp:attachment":[{"href":"https:\/\/www.ambienteyenergia.gob.ec\/ambiente\/wp-json\/wp\/v2\/media?parent=16542"}],"wp:term":[{"taxonomy":"category","embeddable":true,"href":"https:\/\/www.ambienteyenergia.gob.ec\/ambiente\/wp-json\/wp\/v2\/categories?post=16542"},{"taxonomy":"post_tag","embeddable":true,"href":"https:\/\/www.ambienteyenergia.gob.ec\/ambiente\/wp-json\/wp\/v2\/tags?post=16542"}],"curies":[{"name":"wp","href":"https:\/\/api.w.org\/{rel}","templated":true}]}}