{"id":16529,"date":"2013-11-08T15:31:57","date_gmt":"2013-11-08T20:31:57","guid":{"rendered":"http:\/\/www.ambiente.gob.ec\/?p=16529"},"modified":"2013-11-08T15:31:57","modified_gmt":"2013-11-08T20:31:57","slug":"mae-no-evidencia-contaminacion-en-rio-san-miguel-tras-derrame-en-colombia","status":"publish","type":"post","link":"https:\/\/www.ambienteyenergia.gob.ec\/ambiente\/mae-no-evidencia-contaminacion-en-rio-san-miguel-tras-derrame-en-colombia\/","title":{"rendered":"MAE no evidencia contaminaci\u00f3n en r\u00edo San Miguel, tras derrame en Colombia"},"content":{"rendered":"<p style=\"text-align: justify;\">Hoy, el Ministerio del Ambiente (MAE) realiz\u00f3 una inspecci\u00f3n en el r\u00edo San Miguel, ubicado en la provincia de Sucumb\u00edos, con el objetivo de determinar las condiciones ambientales en las que se encuentra este afluente, tras una denuncia telef\u00f3nica en la que se inform\u00f3 a esta Cartera de Estado, una posible contaminaci\u00f3n como consecuencia de un derrame de hidrocarburo ocurrido en Colombia.<\/p>\n<p style=\"text-align: justify;\">El MAE, a trav\u00e9s de la Direcci\u00f3n Provincial del Ambiente de Sucumb\u00edos, se traslad\u00f3 a tempranas horas de la ma\u00f1ana al sitio del incidente, para verificar si existe alg\u00fan tipo de afectaci\u00f3n en territorio ecuatoriano. El primer punto de inspecci\u00f3n fue el puente Internacional San Miguel, en el que no se divis\u00f3 ning\u00fan tipo de contaminaci\u00f3n.<\/p>\n<p style=\"text-align: justify;\">Para verificar la informaci\u00f3n, esta Cartera de Estado se contact\u00f3 con funcionarios de ECOPETROL (empresa petrolera colombiana), quienes explicaron que la causa del siniestro fue una falla operacional en el campo petrolero del pa\u00eds vecino. Adem\u00e1s, informaron que se desconoce el volumen de crudo derramado, y la distancia del R\u00edo Miguel afectado.<\/p>\n<p>El segundo punto inspeccionado fue la parroquia General Farf\u00e1n, en el que personal de esta Cartera de Estado, realiz\u00f3 un recorrido en canoa, de aproximadamente 500 m aguas arriba en direcci\u00f3n al puente San Miguel y 500 m aguas abajo. En esta inspecci\u00f3n se determin\u00f3 que la mancha de crudo se est\u00e1 movilizando por el lado colombiano.<\/p>\n<p style=\"text-align: justify;\">Cabe recalcar, que en ninguno de los dos puntos inspeccionados se constat\u00f3 la presencia de sustancia oleosa en aguas ecuatorianas. El MAE, como principal rector ambiental del pa\u00eds, se mantendr\u00e1 vigilante y monitorear\u00e1 constantemente el r\u00edo San Miguel para descartar la afectaci\u00f3n en nuestro pa\u00eds.<\/p>\n<div id='gallery-1' class='gallery galleryid-16529 gallery-columns-3 gallery-size-thumbnail'><dl class='gallery-item'>\n\t\t\t<dt class='gallery-icon landscape'>\n\t\t\t\t<a href='https:\/\/www.ambienteyenergia.gob.ec\/ambiente\/mae-no-evidencia-contaminacion-en-rio-san-miguel-tras-derrame-en-colombia\/dsc01202\/'><img loading=\"lazy\" decoding=\"async\" width=\"150\" height=\"150\" src=\"https:\/\/www.ambienteyenergia.gob.ec\/ambiente\/wp-content\/uploads\/sites\/2\/2013\/11\/DSC01202-150x150.jpg\" class=\"attachment-thumbnail size-thumbnail\" alt=\"\" \/><\/a>\n\t\t\t<\/dt><\/dl><dl class='gallery-item'>\n\t\t\t<dt class='gallery-icon landscape'>\n\t\t\t\t<a href='https:\/\/www.ambienteyenergia.gob.ec\/ambiente\/mae-no-evidencia-contaminacion-en-rio-san-miguel-tras-derrame-en-colombia\/dsc01210\/'><img loading=\"lazy\" decoding=\"async\" width=\"150\" height=\"150\" src=\"https:\/\/www.ambienteyenergia.gob.ec\/ambiente\/wp-content\/uploads\/sites\/2\/2013\/11\/DSC01210-150x150.jpg\" class=\"attachment-thumbnail size-thumbnail\" alt=\"\" \/><\/a>\n\t\t\t<\/dt><\/dl><dl class='gallery-item'>\n\t\t\t<dt class='gallery-icon landscape'>\n\t\t\t\t<a href='https:\/\/www.ambienteyenergia.gob.ec\/ambiente\/mae-no-evidencia-contaminacion-en-rio-san-miguel-tras-derrame-en-colombia\/dsc01229\/'><img loading=\"lazy\" decoding=\"async\" width=\"150\" height=\"150\" src=\"https:\/\/www.ambienteyenergia.gob.ec\/ambiente\/wp-content\/uploads\/sites\/2\/2013\/11\/DSC01229-150x150.jpg\" class=\"attachment-thumbnail size-thumbnail\" alt=\"\" \/><\/a>\n\t\t\t<\/dt><\/dl><br style=\"clear: both\" \/><dl class='gallery-item'>\n\t\t\t<dt class='gallery-icon landscape'>\n\t\t\t\t<a href='https:\/\/www.ambienteyenergia.gob.ec\/ambiente\/mae-no-evidencia-contaminacion-en-rio-san-miguel-tras-derrame-en-colombia\/dsc01255\/'><img loading=\"lazy\" decoding=\"async\" width=\"150\" height=\"150\" src=\"https:\/\/www.ambienteyenergia.gob.ec\/ambiente\/wp-content\/uploads\/sites\/2\/2013\/11\/DSC01255-150x150.jpg\" class=\"attachment-thumbnail size-thumbnail\" alt=\"\" \/><\/a>\n\t\t\t<\/dt><\/dl>\n\t\t\t<br style='clear: both' \/>\n\t\t<\/div>\n\n","protected":false},"excerpt":{"rendered":"<p class=\"excerpt\">Hoy, el Ministerio del Ambiente (MAE) realiz\u00f3 una inspecci\u00f3n en el r\u00edo San Miguel, ubicado en la provincia de Sucumb\u00edos, con el objetivo de determinar las condiciones ambientales en las que se encuentra este afluente, tras una denuncia telef\u00f3nica en la que se inform\u00f3 a esta Cartera de Estado, una posible contaminaci\u00f3n como consecuencia de un derrame de hidrocarburo ocurrido&hellip; <a href=\"https:\/\/www.ambienteyenergia.gob.ec\/ambiente\/mae-no-evidencia-contaminacion-en-rio-san-miguel-tras-derrame-en-colombia\/\">Read more &rarr;<\/a><\/p>\n","protected":false},"author":13,"featured_media":16533,"comment_status":"open","ping_status":"open","sticky":false,"template":"","format":"standard","meta":{"footnotes":""},"categories":[16,4],"tags":[],"class_list":["post-16529","post","type-post","status-publish","format-standard","has-post-thumbnail","hentry","category-comunicamos","category-noticias","xfolkentry"],"_links":{"self":[{"href":"https:\/\/www.ambienteyenergia.gob.ec\/ambiente\/wp-json\/wp\/v2\/posts\/16529","targetHints":{"allow":["GET"]}}],"collection":[{"href":"https:\/\/www.ambienteyenergia.gob.ec\/ambiente\/wp-json\/wp\/v2\/posts"}],"about":[{"href":"https:\/\/www.ambienteyenergia.gob.ec\/ambiente\/wp-json\/wp\/v2\/types\/post"}],"author":[{"embeddable":true,"href":"https:\/\/www.ambienteyenergia.gob.ec\/ambiente\/wp-json\/wp\/v2\/users\/13"}],"replies":[{"embeddable":true,"href":"https:\/\/www.ambienteyenergia.gob.ec\/ambiente\/wp-json\/wp\/v2\/comments?post=16529"}],"version-history":[{"count":0,"href":"https:\/\/www.ambienteyenergia.gob.ec\/ambiente\/wp-json\/wp\/v2\/posts\/16529\/revisions"}],"wp:featuredmedia":[{"embeddable":true,"href":"https:\/\/www.ambienteyenergia.gob.ec\/ambiente\/wp-json\/wp\/v2\/media\/16533"}],"wp:attachment":[{"href":"https:\/\/www.ambienteyenergia.gob.ec\/ambiente\/wp-json\/wp\/v2\/media?parent=16529"}],"wp:term":[{"taxonomy":"category","embeddable":true,"href":"https:\/\/www.ambienteyenergia.gob.ec\/ambiente\/wp-json\/wp\/v2\/categories?post=16529"},{"taxonomy":"post_tag","embeddable":true,"href":"https:\/\/www.ambienteyenergia.gob.ec\/ambiente\/wp-json\/wp\/v2\/tags?post=16529"}],"curies":[{"name":"wp","href":"https:\/\/api.w.org\/{rel}","templated":true}]}}