{"id":16525,"date":"2013-11-08T15:01:48","date_gmt":"2013-11-08T20:01:48","guid":{"rendered":"http:\/\/www.ambiente.gob.ec\/?p=16525"},"modified":"2013-11-08T15:01:48","modified_gmt":"2013-11-08T20:01:48","slug":"mae-participo-en-gabinete-provincial-en-imbabura","status":"publish","type":"post","link":"https:\/\/www.ambienteyenergia.gob.ec\/ambiente\/mae-participo-en-gabinete-provincial-en-imbabura\/","title":{"rendered":"MAE particip\u00f3 en Gabinete provincial en Imbabura"},"content":{"rendered":"<p style=\"text-align: justify;\">El Ministerio del Ambiente (MAE), en el marco del gabinete provincial, particip\u00f3 en una casa abierta realizada ayer, en la\u00a0 parroquia Garc\u00eda Moreno, en la provincia de Imbabura. Al evento asistieron directores provinciales de diferentes instituciones y ministerios, adem\u00e1s representantes de varias comunidades del sector.<\/p>\n<p style=\"text-align: justify;\">El MAE en su stand inform\u00f3 a los participantes sobre los programas emblem\u00e1ticos que tiene esta Cartera de Estado, entre los cuales destac\u00f3 Socio Bosque. Asimismo, se expusieron temas como las plantaciones protectivas, incentivos de conservaci\u00f3n y programas ambientales que se realizan en las comunidades, entre otros temas.<\/p>\n<p style=\"text-align: justify;\">Por su parte, los T\u00e9cnicos de la Reserva Ecol\u00f3gica Cotacachi Cayapas del Distrito Cuellaje, explicaron m\u00e1s sobre los proyectos que ejecutan en la zona de amortiguamiento del \u00e1rea protegida, como la concesi\u00f3n del proyecto Llurimaguas.<\/p>\n<p style=\"text-align: justify;\">Finalmente, a todas las personas que participaron en el stand del MAE se les entreg\u00f3 \u00a0plantas forestales, ornamentales y frutales, con el compromiso de que las conserven y se involucren m\u00e1s en la protecci\u00f3n de la naturaleza.<\/p>\n","protected":false},"excerpt":{"rendered":"<p class=\"excerpt\">El Ministerio del Ambiente (MAE), en el marco del gabinete provincial, particip\u00f3 en una casa abierta realizada ayer, en la\u00a0 parroquia Garc\u00eda Moreno, en la provincia de Imbabura. Al evento asistieron directores provinciales de diferentes instituciones y ministerios, adem\u00e1s representantes de varias comunidades del sector. El MAE en su stand inform\u00f3 a los participantes sobre los programas emblem\u00e1ticos que tiene&hellip; <a href=\"https:\/\/www.ambienteyenergia.gob.ec\/ambiente\/mae-participo-en-gabinete-provincial-en-imbabura\/\">Read more &rarr;<\/a><\/p>\n","protected":false},"author":13,"featured_media":16526,"comment_status":"open","ping_status":"open","sticky":false,"template":"","format":"standard","meta":{"footnotes":""},"categories":[16,4],"tags":[],"class_list":["post-16525","post","type-post","status-publish","format-standard","has-post-thumbnail","hentry","category-comunicamos","category-noticias","xfolkentry"],"_links":{"self":[{"href":"https:\/\/www.ambienteyenergia.gob.ec\/ambiente\/wp-json\/wp\/v2\/posts\/16525","targetHints":{"allow":["GET"]}}],"collection":[{"href":"https:\/\/www.ambienteyenergia.gob.ec\/ambiente\/wp-json\/wp\/v2\/posts"}],"about":[{"href":"https:\/\/www.ambienteyenergia.gob.ec\/ambiente\/wp-json\/wp\/v2\/types\/post"}],"author":[{"embeddable":true,"href":"https:\/\/www.ambienteyenergia.gob.ec\/ambiente\/wp-json\/wp\/v2\/users\/13"}],"replies":[{"embeddable":true,"href":"https:\/\/www.ambienteyenergia.gob.ec\/ambiente\/wp-json\/wp\/v2\/comments?post=16525"}],"version-history":[{"count":0,"href":"https:\/\/www.ambienteyenergia.gob.ec\/ambiente\/wp-json\/wp\/v2\/posts\/16525\/revisions"}],"wp:featuredmedia":[{"embeddable":true,"href":"https:\/\/www.ambienteyenergia.gob.ec\/ambiente\/wp-json\/wp\/v2\/media\/16526"}],"wp:attachment":[{"href":"https:\/\/www.ambienteyenergia.gob.ec\/ambiente\/wp-json\/wp\/v2\/media?parent=16525"}],"wp:term":[{"taxonomy":"category","embeddable":true,"href":"https:\/\/www.ambienteyenergia.gob.ec\/ambiente\/wp-json\/wp\/v2\/categories?post=16525"},{"taxonomy":"post_tag","embeddable":true,"href":"https:\/\/www.ambienteyenergia.gob.ec\/ambiente\/wp-json\/wp\/v2\/tags?post=16525"}],"curies":[{"name":"wp","href":"https:\/\/api.w.org\/{rel}","templated":true}]}}