{"id":16518,"date":"2013-11-08T12:19:40","date_gmt":"2013-11-08T17:19:40","guid":{"rendered":"http:\/\/www.ambiente.gob.ec\/?p=16518"},"modified":"2013-11-11T16:12:24","modified_gmt":"2013-11-11T21:12:24","slug":"mae-participo-en-la-entrega-oficial-de-la-declaratoria-del-macizo-del-cajas-como-reserva-de-biosfera","status":"publish","type":"post","link":"https:\/\/www.ambienteyenergia.gob.ec\/ambiente\/mae-participo-en-la-entrega-oficial-de-la-declaratoria-del-macizo-del-cajas-como-reserva-de-biosfera\/","title":{"rendered":"MAE particip\u00f3 en la entrega oficial de la Declaratoria del Macizo del Cajas como Reserva de Biosfera"},"content":{"rendered":"<p style=\"text-align: justify;\">Hoy, en la ciudad de Cuenca, la Ministra del Ambiente (S), M\u00f3nica Hidalgo, particip\u00f3 en la entrega del pergamino oficial de la Declaratoria del Macizo del Cajas como Reserva de Bi\u00f3sfera, por parte del Consejo Internacional de Coordinaci\u00f3n del Programa sobre el Hombre y la Biosfera de la Unesco. Una decisi\u00f3n que este organismo hizo p\u00fablica el pasado\u00a029 de mayo, luego de un proceso de dos a\u00f1os que lider\u00f3 un Comit\u00e9 Promotor interinstitucional, en el que trabaj\u00f3 esta Cartera de Estado.<\/p>\n<p style=\"text-align: justify;\">Con esta declaratoria, el Macizo del Cajas, constituida por casi mil hect\u00e1reas de biodiversidad entre las provincias de Azuay, Ca\u00f1ar, El Oro y Guayas, pasa a formar parte de la Red Mundial de Reservas de la Biosfera, integrada por \u00ablos principales tipos de ecosistemas y paisajes del planeta, consagrados a la conservaci\u00f3n de la diversidad biol\u00f3gica,\u00a0\u00a0la investigaci\u00f3n cient\u00edfica, y a la observaci\u00f3n permanente, as\u00ed como a la definici\u00f3n de modelos de desarrollo sostenible al servicio de la humanidad\u00bb.<\/p>\n<p style=\"text-align: justify;\">En ese sentido, durante su intervenci\u00f3n, la Ministra Hidalgo destac\u00f3 que \u00abla\u00a0\u00a0Declaratoria del \u00c1rea de Biosfera Macizo del Cajas es un reconocimiento mundial al modelo de gesti\u00f3n local y regional que de manera coordinada generan pol\u00edticas para consolidar el desarrollo sostenible\u00bb.<\/p>\n<p style=\"text-align: justify;\">Asimismo, indic\u00f3 que la principal raz\u00f3n de las reservas de la biosfera es lograr que\u00a0\u00a0la conservaci\u00f3n de la biodiversidad y el desarrollo social, a trav\u00e9s del uso sostenible de los recursos, sea equilibrado y sostenible. \u00abEsta Declaratoria es motivo de orgullo nacional, y una raz\u00f3n m\u00e1s para tener mayor control, y mayor protecci\u00f3n de nuestras \u00c1reas Protegidas\u00bb.<\/p>\n<p style=\"text-align: justify;\">A trav\u00e9s de una videoconferencia, Jorge Ellis, representante para Bolivia, Ecuador, Venezuela y Colombia del Programa sobre el Hombre y la Bi\u00f3sfera, resalt\u00f3 que el proceso que gestion\u00f3 el Comit\u00e9 Promotor Interinstitucional para la incorporaci\u00f3n del Macizo del Cajas a la Red Mundial de Reservas de Biosfera, fue ejemplar. Seg\u00fan explic\u00f3, la Unesco\u00a0\u00a0ha recomendado a otros pa\u00edses, que han inscrito a sus reservas, que tomen en cuenta este proceso ecuatoriano que puede servirles de gu\u00eda.<\/p>\n<p style=\"text-align: justify;\">En este evento, desarrollado en la Alcald\u00eda de\u00a0\u00a0Cuenca participaron tambi\u00e9n Andreas Schubert, delegado de la Cooperaci\u00f3n Alemana GIZ; Pa\u00fal Granda, Alcalde de Cuenca;\u00a0Mar\u00eda Caridad V\u00e1zquez, Subsecretaria Regional de Senplades; Daniel Ortega del Ministerio de Relaciones Exteriores.<\/p>\n<p style=\"text-align: justify;\">Seg\u00fan indicaron los representantes de las instituciones de formaron el Comit\u00e9 Promotor, el reto de esta nueva Reserva de Biosfera es reforzar el modelo de Gesti\u00f3n y de Desarrollo Sostenible, en el marco de la plataforma de planificaci\u00f3n regional que, adem\u00e1s de mejorar la calidad de vida de los 850 mil habitantes de los 15 cantones que est\u00e1n dentro del Macizo de Cajas,\u00a0\u00a0beneficie a todos los ecuatorianos, y se constituya como un ejemplo para el mundo.<\/p>\n<p style=\"text-align: justify;\"><strong>Ecuador tiene cinco Reservas de Biosfera<\/strong><\/p>\n<p style=\"text-align: justify;\">El Archipi\u00e9lago de Gal\u00e1pagos<\/p>\n<p style=\"text-align: justify;\">Parque Nacional Yasun\u00ed,<\/p>\n<p style=\"text-align: justify;\">Reserva Sumaco<\/p>\n<p style=\"text-align: justify;\">Podocarpus-el C\u00f3ndor<\/p>\n<p style=\"text-align: justify;\">Macizo del Cajas<\/p>\n<p style=\"text-align: justify;\">\u00a0<a href=\"http:\/\/www.ambienteyenergia.gob.ec\/ambiente\/wp-content\/uploads\/2013\/11\/IMG_0229.jpg\"><img loading=\"lazy\" decoding=\"async\" class=\"aligncenter size-full wp-image-16520\" alt=\"Macizo del Cajas es declarado Reserva de Bi\u00f3sfera\" src=\"http:\/\/www.ambienteyenergia.gob.ec\/ambiente\/wp-content\/uploads\/2013\/11\/IMG_0229.jpg\" width=\"670\" height=\"447\" srcset=\"https:\/\/www.ambienteyenergia.gob.ec\/ambiente\/wp-content\/uploads\/sites\/2\/2013\/11\/IMG_0229.jpg 670w, https:\/\/www.ambienteyenergia.gob.ec\/ambiente\/wp-content\/uploads\/sites\/2\/2013\/11\/IMG_0229-300x200.jpg 300w, https:\/\/www.ambienteyenergia.gob.ec\/ambiente\/wp-content\/uploads\/sites\/2\/2013\/11\/IMG_0229-449x300.jpg 449w\" sizes=\"auto, (max-width: 670px) 100vw, 670px\" \/><\/a><\/p>\n","protected":false},"excerpt":{"rendered":"<p class=\"excerpt\">Hoy, en la ciudad de Cuenca, la Ministra del Ambiente (S), M\u00f3nica Hidalgo, particip\u00f3 en la entrega del pergamino oficial de la Declaratoria del Macizo del Cajas como Reserva de Bi\u00f3sfera, por parte del Consejo Internacional de Coordinaci\u00f3n del Programa sobre el Hombre y la Biosfera de la Unesco. Una decisi\u00f3n que este organismo hizo p\u00fablica el pasado\u00a029 de mayo,&hellip; <a href=\"https:\/\/www.ambienteyenergia.gob.ec\/ambiente\/mae-participo-en-la-entrega-oficial-de-la-declaratoria-del-macizo-del-cajas-como-reserva-de-biosfera\/\">Read more &rarr;<\/a><\/p>\n","protected":false},"author":13,"featured_media":16519,"comment_status":"open","ping_status":"open","sticky":false,"template":"","format":"standard","meta":{"footnotes":""},"categories":[16,4],"tags":[],"class_list":["post-16518","post","type-post","status-publish","format-standard","has-post-thumbnail","hentry","category-comunicamos","category-noticias","xfolkentry"],"_links":{"self":[{"href":"https:\/\/www.ambienteyenergia.gob.ec\/ambiente\/wp-json\/wp\/v2\/posts\/16518","targetHints":{"allow":["GET"]}}],"collection":[{"href":"https:\/\/www.ambienteyenergia.gob.ec\/ambiente\/wp-json\/wp\/v2\/posts"}],"about":[{"href":"https:\/\/www.ambienteyenergia.gob.ec\/ambiente\/wp-json\/wp\/v2\/types\/post"}],"author":[{"embeddable":true,"href":"https:\/\/www.ambienteyenergia.gob.ec\/ambiente\/wp-json\/wp\/v2\/users\/13"}],"replies":[{"embeddable":true,"href":"https:\/\/www.ambienteyenergia.gob.ec\/ambiente\/wp-json\/wp\/v2\/comments?post=16518"}],"version-history":[{"count":0,"href":"https:\/\/www.ambienteyenergia.gob.ec\/ambiente\/wp-json\/wp\/v2\/posts\/16518\/revisions"}],"wp:featuredmedia":[{"embeddable":true,"href":"https:\/\/www.ambienteyenergia.gob.ec\/ambiente\/wp-json\/wp\/v2\/media\/16519"}],"wp:attachment":[{"href":"https:\/\/www.ambienteyenergia.gob.ec\/ambiente\/wp-json\/wp\/v2\/media?parent=16518"}],"wp:term":[{"taxonomy":"category","embeddable":true,"href":"https:\/\/www.ambienteyenergia.gob.ec\/ambiente\/wp-json\/wp\/v2\/categories?post=16518"},{"taxonomy":"post_tag","embeddable":true,"href":"https:\/\/www.ambienteyenergia.gob.ec\/ambiente\/wp-json\/wp\/v2\/tags?post=16518"}],"curies":[{"name":"wp","href":"https:\/\/api.w.org\/{rel}","templated":true}]}}