{"id":16512,"date":"2013-11-08T10:28:59","date_gmt":"2013-11-08T15:28:59","guid":{"rendered":"http:\/\/www.ambiente.gob.ec\/?p=16512"},"modified":"2013-11-08T10:28:59","modified_gmt":"2013-11-08T15:28:59","slug":"cinco-caimanes-de-anteojos-fueron-liberados-en-guayas","status":"publish","type":"post","link":"https:\/\/www.ambienteyenergia.gob.ec\/ambiente\/cinco-caimanes-de-anteojos-fueron-liberados-en-guayas\/","title":{"rendered":"Cinco caimanes de anteojos fueron liberados en Guayas"},"content":{"rendered":"<p style=\"text-align: justify;\">Ayer, el Ministerio del Ambiente (MAE) liber\u00f3 a cinco caimanes de anteojos -de aproximadamente 1,20 metros de largo- en el centro de rescate San Isidro,\u00a0 ubicado en la provincial del Guayas.<\/p>\n<p style=\"text-align: justify;\">Los animales fueron rescatados por funcionarios de la Direcci\u00f3n provincial de Manab\u00ed, quienes los trasladaron al centro de rescate \u201cNuestra Fauna\u201d de la Universidad T\u00e9cnica de Manab\u00ed (UTM), donde estuvieron por tres meses en\u00a0 rehabilitaci\u00f3n. Los veterinarios del lugar se encargaron de examinar a los espec\u00edmenes y brindarles los cuidados adecuados, lo que permiti\u00f3 reinsertarlos a su h\u00e1bitat natural.<\/p>\n<p style=\"text-align: justify;\">Luego de este per\u00edodo de monitoreo, se coordin\u00f3 la liberaci\u00f3n de los reptiles con la Direcci\u00f3n Provincial del Ambiente de Guayas, por considerar al centro San Isidro el lugar m\u00e1s id\u00f3neo, al poseer caracter\u00edsticas propias de su entorno.<\/p>\n<p style=\"text-align: justify;\">Angelo Traverso, Director Provincial de Manab\u00ed, indic\u00f3 que estos animales de vida silvestre cumplen una funci\u00f3n ecol\u00f3gica muy importante, pues hacen sus nidos cerca de manlge y se alimentan de peces y aves que habitan en este tipo de ecosistemas.<\/p>\n<p style=\"text-align: justify;\">Asimismo, destac\u00f3 que los caimanes de anteojos no son animales peligrosos, al contrario, le temen a la gente. Muchas las personas los encuentran en las riberas de los r\u00edos y piensan que los pueden atacar, pero no es as\u00ed. En la mayor\u00eda de casos, estos animales se posan cerca de los afluentes h\u00eddricos en busca de alimento.<\/p>\n","protected":false},"excerpt":{"rendered":"<p class=\"excerpt\">Ayer, el Ministerio del Ambiente (MAE) liber\u00f3 a cinco caimanes de anteojos -de aproximadamente 1,20 metros de largo- en el centro de rescate San Isidro,\u00a0 ubicado en la provincial del Guayas. Los animales fueron rescatados por funcionarios de la Direcci\u00f3n provincial de Manab\u00ed, quienes los trasladaron al centro de rescate \u201cNuestra Fauna\u201d de la Universidad T\u00e9cnica de Manab\u00ed (UTM), donde&hellip; <a href=\"https:\/\/www.ambienteyenergia.gob.ec\/ambiente\/cinco-caimanes-de-anteojos-fueron-liberados-en-guayas\/\">Read more &rarr;<\/a><\/p>\n","protected":false},"author":13,"featured_media":16513,"comment_status":"open","ping_status":"open","sticky":false,"template":"","format":"standard","meta":{"footnotes":""},"categories":[16,4],"tags":[],"class_list":["post-16512","post","type-post","status-publish","format-standard","has-post-thumbnail","hentry","category-comunicamos","category-noticias","xfolkentry"],"_links":{"self":[{"href":"https:\/\/www.ambienteyenergia.gob.ec\/ambiente\/wp-json\/wp\/v2\/posts\/16512","targetHints":{"allow":["GET"]}}],"collection":[{"href":"https:\/\/www.ambienteyenergia.gob.ec\/ambiente\/wp-json\/wp\/v2\/posts"}],"about":[{"href":"https:\/\/www.ambienteyenergia.gob.ec\/ambiente\/wp-json\/wp\/v2\/types\/post"}],"author":[{"embeddable":true,"href":"https:\/\/www.ambienteyenergia.gob.ec\/ambiente\/wp-json\/wp\/v2\/users\/13"}],"replies":[{"embeddable":true,"href":"https:\/\/www.ambienteyenergia.gob.ec\/ambiente\/wp-json\/wp\/v2\/comments?post=16512"}],"version-history":[{"count":0,"href":"https:\/\/www.ambienteyenergia.gob.ec\/ambiente\/wp-json\/wp\/v2\/posts\/16512\/revisions"}],"wp:featuredmedia":[{"embeddable":true,"href":"https:\/\/www.ambienteyenergia.gob.ec\/ambiente\/wp-json\/wp\/v2\/media\/16513"}],"wp:attachment":[{"href":"https:\/\/www.ambienteyenergia.gob.ec\/ambiente\/wp-json\/wp\/v2\/media?parent=16512"}],"wp:term":[{"taxonomy":"category","embeddable":true,"href":"https:\/\/www.ambienteyenergia.gob.ec\/ambiente\/wp-json\/wp\/v2\/categories?post=16512"},{"taxonomy":"post_tag","embeddable":true,"href":"https:\/\/www.ambienteyenergia.gob.ec\/ambiente\/wp-json\/wp\/v2\/tags?post=16512"}],"curies":[{"name":"wp","href":"https:\/\/api.w.org\/{rel}","templated":true}]}}