{"id":16501,"date":"2013-11-07T21:22:36","date_gmt":"2013-11-08T02:22:36","guid":{"rendered":"http:\/\/www.ambiente.gob.ec\/?p=16501"},"modified":"2013-11-08T15:49:55","modified_gmt":"2013-11-08T20:49:55","slug":"mae-presento-el-indicador-huella-ecologica-nacional-en-quito","status":"publish","type":"post","link":"https:\/\/www.ambienteyenergia.gob.ec\/ambiente\/mae-presento-el-indicador-huella-ecologica-nacional-en-quito\/","title":{"rendered":"MAE present\u00f3 el \u201cIndicador Huella Ecol\u00f3gica Nacional\u201d en Quito"},"content":{"rendered":"<p style=\"text-align: justify;\">Hoy, en el Centro de Convenciones Parque Bicentenario de la ciudad de Quito, el Ministerio del Ambiente (MAE) present\u00f3 el \u201cIndicador Huella Ecol\u00f3gica Nacional\u201d, un informe de los\u00a0 resultados del c\u00e1lculo de la Huella Ecol\u00f3gica (HE) del Ecuador de los a\u00f1os 2008 y 2009, cuyo objetivo principal es propender al consumo sostenible de los recursos.<\/p>\n<p style=\"text-align: justify;\">En este evento, que inici\u00f3 a las 19:00, intervinieron M\u00f3nica Hidalgo, Ministra del Ambiente (S), Juan Andr\u00e9s Portilla, Coordinador del Proyecto \u00abIdentificaci\u00f3n, C\u00e1lculo y Mitigaci\u00f3n de la Huella Ecol\u00f3gica del Sector P\u00fablico y Productivo del Ecuador\u201d, se present\u00f3 un video explicativo de la HE del pa\u00eds, y se entregaron certificados a las Universidades que se comprometen a medir su Huella Ecol\u00f3gica.<\/p>\n<p style=\"text-align: justify;\">\u00abLa Huella Ecol\u00f3gica es un indicador ambiental que analiza la presi\u00f3n que los seres humanos generan sobre el ambiente, con base en\u00a0 los recursos naturales que utilizan para satisfacer sus patrones de consumo. Este indicador permite comparar los recursos existentes en la tierra frente a lo que la sociedad demanda\u00bb, indic\u00f3 la Ministra Hidalgo.<\/p>\n<p style=\"text-align: justify;\">En ese sentido, Hidalgo resalt\u00f3 que a partir de 2011, esta Cartera de Estado puso en marcha el Proyecto de Inversi\u00f3n \u201cIdentificaci\u00f3n, C\u00e1lculo y Mitigaci\u00f3n de la Huella Ecol\u00f3gica del Sector P\u00fablico y Productivo del Ecuador\u201d, a trav\u00e9s de la Direcci\u00f3n de Informaci\u00f3n, Seguimiento y Evaluaci\u00f3n, siendo este proyecto priorizado por la Secretar\u00eda Nacional de Planificaci\u00f3n y Desarrollo (Senplades).<\/p>\n<p style=\"text-align: justify;\">El Coordinador del Proyecto explic\u00f3 que para el c\u00e1lculo de la Huella Ecol\u00f3gica nacional de los a\u00f1os 2008 y 2009, se emple\u00f3 la metodolog\u00eda establecida por la organizaci\u00f3n Global Footprint Network. Con esa instituci\u00f3n que brid\u00f3 respaldo t\u00e9cnico, el MAE suscribi\u00f3 un Convenio de Cooperaci\u00f3n para el desarrollo del proyecto, desde el 2012.<\/p>\n<p style=\"text-align: justify;\">Seg\u00fan el reporte final del estudio, \u00a0en 2008 y 2009, la Huella Ecol\u00f3gica nacional increment\u00f3 en un 8%, mientras que la HE per c\u00e1pita aument\u00f3 un 6,11%, pasando de 1,53 hag a 1,62 hag de consumo per c\u00e1pita. Adem\u00e1s, indica que tomando en cuenta que Ecuador es un pa\u00eds productor y exportador de materias primas, se ha podido comprobar que utiliza su biocapacidad para abastecer de recursos a pa\u00edses donde la huella ecol\u00f3gica supera la biocapacidad, fen\u00f3meno conocido como d\u00e9ficit ecol\u00f3gico; entre otros resultados de la investigaci\u00f3n.<\/p>\n<p style=\"text-align: justify;\">\u00abLa presentaci\u00f3n del informe de los resultados de c\u00e1lculo de la HE del Ecuador es fundamental porque \u00e9ste es uno de los ejes estrat\u00e9gicos que permitir\u00e1n\u00a0 introducir pol\u00edticas de mitigaci\u00f3n de Huella Ecol\u00f3gica y protecci\u00f3n de Biocapacidad, adem\u00e1s de direccionar la planificaci\u00f3n del uso del suelo guiada por la contabilidad de recursos\u00bb, comunic\u00f3 la M\u00e1xima Autoridad Ambiental.<\/p>\n<p style=\"text-align: justify;\">Finalmente, la Secretaria de Estado invit\u00f3 a reflexionar sobre la importancia fundamental de \u00a0consumir los recursos de forma sostenible y racional, para alcanzar el Buen Vivir, a trav\u00e9s de la relaci\u00f3n arm\u00f3nica entre la naturaleza y el ser humano.<\/p>\n<p style=\"text-align: justify;\"><a href=\"http:\/\/huella-ecologica.ambiente.gob.ec\/huella_nacional.php\">Puedes descargar el Reporte de la Huella Ecol\u00f3gica Nacional 2008 y 2009 aqu\u00ed<\/a><\/p>\n<div id='gallery-1' class='gallery galleryid-16501 gallery-columns-3 gallery-size-thumbnail'><dl class='gallery-item'>\n\t\t\t<dt class='gallery-icon landscape'>\n\t\t\t\t<a href='https:\/\/www.ambienteyenergia.gob.ec\/ambiente\/mae-presento-el-indicador-huella-ecologica-nacional-en-quito\/_mg_0111\/'><img loading=\"lazy\" decoding=\"async\" width=\"150\" height=\"150\" src=\"https:\/\/www.ambienteyenergia.gob.ec\/ambiente\/wp-content\/uploads\/sites\/2\/2013\/11\/MG_0111-150x150.jpg\" class=\"attachment-thumbnail size-thumbnail\" alt=\"\" aria-describedby=\"gallery-1-16503\" \/><\/a>\n\t\t\t<\/dt>\n\t\t\t\t<dd class='wp-caption-text gallery-caption' id='gallery-1-16503'>\n\t\t\t\tMAE present\u00f3 el \u201cIndicador Huella Ecol\u00f3gica Nacional\u201d en Quito\n\t\t\t\t<\/dd><\/dl><dl class='gallery-item'>\n\t\t\t<dt class='gallery-icon landscape'>\n\t\t\t\t<a href='https:\/\/www.ambienteyenergia.gob.ec\/ambiente\/mae-presento-el-indicador-huella-ecologica-nacional-en-quito\/_mg_0114\/'><img loading=\"lazy\" decoding=\"async\" width=\"150\" height=\"150\" src=\"https:\/\/www.ambienteyenergia.gob.ec\/ambiente\/wp-content\/uploads\/sites\/2\/2013\/11\/MG_0114-150x150.jpg\" class=\"attachment-thumbnail size-thumbnail\" alt=\"\" aria-describedby=\"gallery-1-16504\" \/><\/a>\n\t\t\t<\/dt>\n\t\t\t\t<dd class='wp-caption-text gallery-caption' id='gallery-1-16504'>\n\t\t\t\tMAE present\u00f3 el \u201cIndicador Huella Ecol\u00f3gica Nacional\u201d en Quito\n\t\t\t\t<\/dd><\/dl><dl class='gallery-item'>\n\t\t\t<dt class='gallery-icon landscape'>\n\t\t\t\t<a href='https:\/\/www.ambienteyenergia.gob.ec\/ambiente\/mae-presento-el-indicador-huella-ecologica-nacional-en-quito\/_mg_0118\/'><img loading=\"lazy\" decoding=\"async\" width=\"150\" height=\"150\" src=\"https:\/\/www.ambienteyenergia.gob.ec\/ambiente\/wp-content\/uploads\/sites\/2\/2013\/11\/MG_0118-150x150.jpg\" class=\"attachment-thumbnail size-thumbnail\" alt=\"\" aria-describedby=\"gallery-1-16505\" \/><\/a>\n\t\t\t<\/dt>\n\t\t\t\t<dd class='wp-caption-text gallery-caption' id='gallery-1-16505'>\n\t\t\t\tMAE present\u00f3 el \u201cIndicador Huella Ecol\u00f3gica Nacional\u201d en Quito\n\t\t\t\t<\/dd><\/dl><br style=\"clear: both\" \/><dl class='gallery-item'>\n\t\t\t<dt class='gallery-icon landscape'>\n\t\t\t\t<a href='https:\/\/www.ambienteyenergia.gob.ec\/ambiente\/mae-presento-el-indicador-huella-ecologica-nacional-en-quito\/_mg_0125\/'><img loading=\"lazy\" decoding=\"async\" width=\"150\" height=\"150\" src=\"https:\/\/www.ambienteyenergia.gob.ec\/ambiente\/wp-content\/uploads\/sites\/2\/2013\/11\/MG_0125-150x150.jpg\" class=\"attachment-thumbnail size-thumbnail\" alt=\"\" aria-describedby=\"gallery-1-16506\" \/><\/a>\n\t\t\t<\/dt>\n\t\t\t\t<dd class='wp-caption-text gallery-caption' id='gallery-1-16506'>\n\t\t\t\tMAE present\u00f3 el \u201cIndicador Huella Ecol\u00f3gica Nacional\u201d en Quito\n\t\t\t\t<\/dd><\/dl><dl class='gallery-item'>\n\t\t\t<dt class='gallery-icon landscape'>\n\t\t\t\t<a href='https:\/\/www.ambienteyenergia.gob.ec\/ambiente\/mae-presento-el-indicador-huella-ecologica-nacional-en-quito\/_mg_0127\/'><img loading=\"lazy\" decoding=\"async\" width=\"150\" height=\"150\" src=\"https:\/\/www.ambienteyenergia.gob.ec\/ambiente\/wp-content\/uploads\/sites\/2\/2013\/11\/MG_0127-150x150.jpg\" class=\"attachment-thumbnail size-thumbnail\" alt=\"\" aria-describedby=\"gallery-1-16507\" \/><\/a>\n\t\t\t<\/dt>\n\t\t\t\t<dd class='wp-caption-text gallery-caption' id='gallery-1-16507'>\n\t\t\t\tMAE present\u00f3 el \u201cIndicador Huella Ecol\u00f3gica Nacional\u201d en Quito\n\t\t\t\t<\/dd><\/dl><dl class='gallery-item'>\n\t\t\t<dt class='gallery-icon landscape'>\n\t\t\t\t<a href='https:\/\/www.ambienteyenergia.gob.ec\/ambiente\/mae-presento-el-indicador-huella-ecologica-nacional-en-quito\/_mg_0143\/'><img loading=\"lazy\" decoding=\"async\" width=\"150\" height=\"150\" src=\"https:\/\/www.ambienteyenergia.gob.ec\/ambiente\/wp-content\/uploads\/sites\/2\/2013\/11\/MG_0143-150x150.jpg\" class=\"attachment-thumbnail size-thumbnail\" alt=\"\" aria-describedby=\"gallery-1-16508\" \/><\/a>\n\t\t\t<\/dt>\n\t\t\t\t<dd class='wp-caption-text gallery-caption' id='gallery-1-16508'>\n\t\t\t\tMAE present\u00f3 el \u201cIndicador Huella Ecol\u00f3gica Nacional\u201d en Quito\n\t\t\t\t<\/dd><\/dl><br style=\"clear: both\" \/><dl class='gallery-item'>\n\t\t\t<dt class='gallery-icon landscape'>\n\t\t\t\t<a href='https:\/\/www.ambienteyenergia.gob.ec\/ambiente\/mae-presento-el-indicador-huella-ecologica-nacional-en-quito\/_mg_0165\/'><img loading=\"lazy\" decoding=\"async\" width=\"150\" height=\"150\" src=\"https:\/\/www.ambienteyenergia.gob.ec\/ambiente\/wp-content\/uploads\/sites\/2\/2013\/11\/MG_0165-150x150.jpg\" class=\"attachment-thumbnail size-thumbnail\" alt=\"\" aria-describedby=\"gallery-1-16509\" \/><\/a>\n\t\t\t<\/dt>\n\t\t\t\t<dd class='wp-caption-text gallery-caption' id='gallery-1-16509'>\n\t\t\t\tMAE present\u00f3 el \u201cIndicador Huella Ecol\u00f3gica Nacional\u201d en Quito\n\t\t\t\t<\/dd><\/dl><dl class='gallery-item'>\n\t\t\t<dt class='gallery-icon landscape'>\n\t\t\t\t<a href='https:\/\/www.ambienteyenergia.gob.ec\/ambiente\/mae-presento-el-indicador-huella-ecologica-nacional-en-quito\/_mg_0185\/'><img loading=\"lazy\" decoding=\"async\" width=\"150\" height=\"150\" src=\"https:\/\/www.ambienteyenergia.gob.ec\/ambiente\/wp-content\/uploads\/sites\/2\/2013\/11\/MG_0185-150x150.jpg\" class=\"attachment-thumbnail size-thumbnail\" alt=\"\" aria-describedby=\"gallery-1-16510\" \/><\/a>\n\t\t\t<\/dt>\n\t\t\t\t<dd class='wp-caption-text gallery-caption' id='gallery-1-16510'>\n\t\t\t\tMAE present\u00f3 el \u201cIndicador Huella Ecol\u00f3gica Nacional\u201d en Quito\n\t\t\t\t<\/dd><\/dl>\n\t\t\t<br style='clear: both' \/>\n\t\t<\/div>\n\n","protected":false},"excerpt":{"rendered":"<p class=\"excerpt\">Hoy, en el Centro de Convenciones Parque Bicentenario de la ciudad de Quito, el Ministerio del Ambiente (MAE) present\u00f3 el \u201cIndicador Huella Ecol\u00f3gica Nacional\u201d, un informe de los\u00a0 resultados del c\u00e1lculo de la Huella Ecol\u00f3gica (HE) del Ecuador de los a\u00f1os 2008 y 2009, cuyo objetivo principal es propender al consumo sostenible de los recursos. En este evento, que inici\u00f3&hellip; <a href=\"https:\/\/www.ambienteyenergia.gob.ec\/ambiente\/mae-presento-el-indicador-huella-ecologica-nacional-en-quito\/\">Read more &rarr;<\/a><\/p>\n","protected":false},"author":13,"featured_media":16502,"comment_status":"open","ping_status":"open","sticky":false,"template":"","format":"standard","meta":{"footnotes":""},"categories":[16,4],"tags":[],"class_list":["post-16501","post","type-post","status-publish","format-standard","has-post-thumbnail","hentry","category-comunicamos","category-noticias","xfolkentry"],"_links":{"self":[{"href":"https:\/\/www.ambienteyenergia.gob.ec\/ambiente\/wp-json\/wp\/v2\/posts\/16501","targetHints":{"allow":["GET"]}}],"collection":[{"href":"https:\/\/www.ambienteyenergia.gob.ec\/ambiente\/wp-json\/wp\/v2\/posts"}],"about":[{"href":"https:\/\/www.ambienteyenergia.gob.ec\/ambiente\/wp-json\/wp\/v2\/types\/post"}],"author":[{"embeddable":true,"href":"https:\/\/www.ambienteyenergia.gob.ec\/ambiente\/wp-json\/wp\/v2\/users\/13"}],"replies":[{"embeddable":true,"href":"https:\/\/www.ambienteyenergia.gob.ec\/ambiente\/wp-json\/wp\/v2\/comments?post=16501"}],"version-history":[{"count":0,"href":"https:\/\/www.ambienteyenergia.gob.ec\/ambiente\/wp-json\/wp\/v2\/posts\/16501\/revisions"}],"wp:featuredmedia":[{"embeddable":true,"href":"https:\/\/www.ambienteyenergia.gob.ec\/ambiente\/wp-json\/wp\/v2\/media\/16502"}],"wp:attachment":[{"href":"https:\/\/www.ambienteyenergia.gob.ec\/ambiente\/wp-json\/wp\/v2\/media?parent=16501"}],"wp:term":[{"taxonomy":"category","embeddable":true,"href":"https:\/\/www.ambienteyenergia.gob.ec\/ambiente\/wp-json\/wp\/v2\/categories?post=16501"},{"taxonomy":"post_tag","embeddable":true,"href":"https:\/\/www.ambienteyenergia.gob.ec\/ambiente\/wp-json\/wp\/v2\/tags?post=16501"}],"curies":[{"name":"wp","href":"https:\/\/api.w.org\/{rel}","templated":true}]}}