{"id":16496,"date":"2013-11-07T15:13:06","date_gmt":"2013-11-07T20:13:06","guid":{"rendered":"http:\/\/www.ambiente.gob.ec\/?p=16496"},"modified":"2013-11-07T15:13:06","modified_gmt":"2013-11-07T20:13:06","slug":"ecuador-participo-en-el-segundo-foro-regional-sobre-el-consentimiento-libre-previo-e-informado-del-programa-onu-redd","status":"publish","type":"post","link":"https:\/\/www.ambienteyenergia.gob.ec\/ambiente\/ecuador-participo-en-el-segundo-foro-regional-sobre-el-consentimiento-libre-previo-e-informado-del-programa-onu-redd\/","title":{"rendered":"Ecuador particip\u00f3 en el segundo foro regional sobre el consentimiento libre, previo e informado del programa ONU-REDD"},"content":{"rendered":"<p style=\"text-align: justify;\">El Segundo Foro Regional sobre el Consentimiento Libre, Previo e Informado del Programa ONU-REDD, se realiz\u00f3 en la ciudad de Panam\u00e1 del 29 al 31 de octubre de 2013. En este participaron representantes del Programa ONU REDD, Centro Regional del PNUD para Am\u00e9rica Latina y el Caribe, estado, sociedad civil, pueblos ind\u00edgenas de Panam\u00e1, Colombia, Per\u00fa, Ecuador, Honduras, Costa Rica, Paraguay y Surinam.<\/p>\n<p style=\"text-align: justify;\">El foro permiti\u00f3 dar seguimiento al Primer Taller Regional y discutir los avances en temas de Consentimiento Previo Libre e Informado con pueblos ind\u00edgenas de ocho pa\u00edses latinoamericanos.<\/p>\n<p style=\"text-align: justify;\">La Subsecretar\u00eda de Cambio Clim\u00e1tico, como delegada del Gobierno Nacional, realiz\u00f3 una presentaci\u00f3n conjunta con representantes y delegados de pueblos ind\u00edgenas y de la sociedad civil del Proceso de Construcci\u00f3n de la Consulta\/Negociaci\u00f3n para la futura implementaci\u00f3n del mecanismo REDD+ en Ecuador.<\/p>\n<p style=\"text-align: justify;\">Los actores involucrados intercambiaron experiencias y conocimientos para complementar la norma t\u00e9cnica que se encuentra en proceso de oficializaci\u00f3n en el Ministerio del Ambiente.<\/p>\n<p style=\"text-align: justify;\">Mediante la participaci\u00f3n del Estado Ecuatoriano en estos foros, se fortalecen los espacios de di\u00e1logo con pueblos ind\u00edgenas de Ecuador y de otros pa\u00edses latinoamericanos en relaci\u00f3n con los procesos de consentimiento previo, libre e informado, que se implementan con mayor o menor \u00e9xito en la regi\u00f3n.<\/p>\n<p style=\"text-align: justify;\">Adem\u00e1s, se obtienen insumos provenientes de buenas pr\u00e1cticas a nivel del Programa ONU REDD y el Centro Regional del PNUD para Am\u00e9rica Latina y el Caribe, como aporte para la implementaci\u00f3n del mecanismo REDD+ en Ecuador, en el marco de la Declaraci\u00f3n de Naciones Unidas sobre los Derechos de los Pueblos Ind\u00edgenas de acuerdo al convenio 169 de la OIT con un enfoque especial en los aspectos de consentimiento libre, previo e informado.<\/p>\n<p style=\"text-align: justify;\">El Ministerio del Ambiente, a trav\u00e9s de la Subsecretar\u00eda de Cambio Clim\u00e1tico y con el apoyo del Programa ONU REDD contin\u00faa con el desarrollo del marco regulatorio, normativo e institucional para la futura implementaci\u00f3n del mecanismo REDD+ en concordancia con el marco legal y pol\u00edtico nacional.<\/p>\n<p>&nbsp;<\/p>\n","protected":false},"excerpt":{"rendered":"<p class=\"excerpt\">El Segundo Foro Regional sobre el Consentimiento Libre, Previo e Informado del Programa ONU-REDD, se realiz\u00f3 en la ciudad de Panam\u00e1 del 29 al 31 de octubre de 2013. En este participaron representantes del Programa ONU REDD, Centro Regional del PNUD para Am\u00e9rica Latina y el Caribe, estado, sociedad civil, pueblos ind\u00edgenas de Panam\u00e1, Colombia, Per\u00fa, Ecuador, Honduras, Costa Rica,&hellip; <a href=\"https:\/\/www.ambienteyenergia.gob.ec\/ambiente\/ecuador-participo-en-el-segundo-foro-regional-sobre-el-consentimiento-libre-previo-e-informado-del-programa-onu-redd\/\">Read more &rarr;<\/a><\/p>\n","protected":false},"author":13,"featured_media":16497,"comment_status":"open","ping_status":"open","sticky":false,"template":"","format":"standard","meta":{"footnotes":""},"categories":[16,4],"tags":[355,356,53,54,354],"class_list":["post-16496","post","type-post","status-publish","format-standard","has-post-thumbnail","hentry","category-comunicamos","category-noticias","tag-cambio","tag-climatico","tag-mae","tag-ministerio-del-ambiente","tag-redd","xfolkentry"],"_links":{"self":[{"href":"https:\/\/www.ambienteyenergia.gob.ec\/ambiente\/wp-json\/wp\/v2\/posts\/16496","targetHints":{"allow":["GET"]}}],"collection":[{"href":"https:\/\/www.ambienteyenergia.gob.ec\/ambiente\/wp-json\/wp\/v2\/posts"}],"about":[{"href":"https:\/\/www.ambienteyenergia.gob.ec\/ambiente\/wp-json\/wp\/v2\/types\/post"}],"author":[{"embeddable":true,"href":"https:\/\/www.ambienteyenergia.gob.ec\/ambiente\/wp-json\/wp\/v2\/users\/13"}],"replies":[{"embeddable":true,"href":"https:\/\/www.ambienteyenergia.gob.ec\/ambiente\/wp-json\/wp\/v2\/comments?post=16496"}],"version-history":[{"count":0,"href":"https:\/\/www.ambienteyenergia.gob.ec\/ambiente\/wp-json\/wp\/v2\/posts\/16496\/revisions"}],"wp:featuredmedia":[{"embeddable":true,"href":"https:\/\/www.ambienteyenergia.gob.ec\/ambiente\/wp-json\/wp\/v2\/media\/16497"}],"wp:attachment":[{"href":"https:\/\/www.ambienteyenergia.gob.ec\/ambiente\/wp-json\/wp\/v2\/media?parent=16496"}],"wp:term":[{"taxonomy":"category","embeddable":true,"href":"https:\/\/www.ambienteyenergia.gob.ec\/ambiente\/wp-json\/wp\/v2\/categories?post=16496"},{"taxonomy":"post_tag","embeddable":true,"href":"https:\/\/www.ambienteyenergia.gob.ec\/ambiente\/wp-json\/wp\/v2\/tags?post=16496"}],"curies":[{"name":"wp","href":"https:\/\/api.w.org\/{rel}","templated":true}]}}