{"id":16492,"date":"2013-11-07T13:16:47","date_gmt":"2013-11-07T18:16:47","guid":{"rendered":"http:\/\/www.ambiente.gob.ec\/?p=16492"},"modified":"2013-11-07T13:59:28","modified_gmt":"2013-11-07T18:59:28","slug":"policia-captura-a-presunto-cazador-de-un-condor-en-azuay-en-coordinacion-con-mae","status":"publish","type":"post","link":"https:\/\/www.ambienteyenergia.gob.ec\/ambiente\/policia-captura-a-presunto-cazador-de-un-condor-en-azuay-en-coordinacion-con-mae\/","title":{"rendered":"Polic\u00eda captura a presunto cazador de un c\u00f3ndor en Azuay, en coordinaci\u00f3n con MAE"},"content":{"rendered":"<p style=\"text-align: justify;\">Ayer, en la parroquia Victoria del Portete, sector de Tarqui, miembros de la brigada de la Polic\u00eda Judicial (PJ) detuvieron a Manuel Damian, sospechoso de haber cazado a un c\u00f3ndor en el Bosque Protector Irquis \u2013Yanuncay (Azuay), el pasado mes de abril. Al momento, se encuentra detenido en la C\u00e1rcel de Detenci\u00f3n Provisional de la ciudad de Cuenca. Esta acci\u00f3n responde a la resoluci\u00f3n tomada dentro del Procesos Administrativo y Penal que iniciaron por este delito ambiental.<\/p>\n<p style=\"text-align: justify;\">En una rueda de prensa ofrecida hoy en las instalaciones de la PJ Azuay, el Jefe de Polic\u00eda Judicial de la provincia, Pablo Le\u00f3n, manifest\u00f3 que despu\u00e9s de un operativo de inteligencia de 15 d\u00edas lograron capturar al presunto responsable, lo que se logr\u00f3 gracias a la ayuda y coordinaci\u00f3n del Ministerio del Ambiente (MAE), a trav\u00e9s de la Direcci\u00f3n Provincial de Azuay.<\/p>\n<p style=\"text-align: justify;\">Adem\u00e1s, el MAE remiti\u00f3 un escrito al Juzgado Segundo de Garant\u00edas Penales a cargo del Dr. Sim\u00f3n Valdivieso para que se remita, a la brevedad posible, el sorteo de los tribunales, con el fin de que se fije d\u00eda y hora para la audiencia de juzgamiento.<\/p>\n<p style=\"text-align: justify;\"><strong>Cronolog\u00eda de los hechos<\/strong><\/p>\n<p style=\"text-align: justify;\">El s\u00e1bado 27 de abril, empez\u00f3 a circular una foto en las redes sociales, en la que se pod\u00eda observar a un c\u00f3ndor, al parecer juvenil (porque tiene plumas en el abdomen).<\/p>\n<p style=\"text-align: justify;\">El MAE inmediatamente conocido el hecho, tom\u00f3 acciones y activ\u00f3 todo su contingente para indagar el presunto delito cometido en la Captaci\u00f3n de Agua Pucar\u00e1 \u2013 Loma \u2013 Buena Esperanza, sector de la laguna Chuyacocha, en el p\u00e1ramo de esa provincia.<\/p>\n<p style=\"text-align: justify;\">El domingo 28 de abril, se desarroll\u00f3 una investigaci\u00f3n para recabar los hechos y recopilar informaci\u00f3n sobre las personas involucradas.<\/p>\n<p style=\"text-align: justify;\">El 29 de abril, el MAE present\u00f3 una acusaci\u00f3n particular ante la Fiscal\u00eda General del Estado, pidiendo la sanci\u00f3n m\u00e1xima seg\u00fan se estipula en el Art. 437 del C\u00f3digo Penal Ecuatoriano y en el Art. 78 de Ley Forestal y de Conservaci\u00f3n de \u00c1reas Naturales y Vida Silvestre.<\/p>\n<p style=\"text-align: justify;\">Ese mismo d\u00eda, en rueda de prensa, la Ministra del Ambiente, Lorena Tapia, comunic\u00f3 que la firme voluntad de esta Cartera de Estado es hacer respetar los derechos de la naturaleza. \u201cEl delito cometido con el c\u00f3ndor va a ser sancionado hasta las \u00faltimas consecuencias. Para esto, hemos iniciado un proceso legal junto con la Fiscal\u00eda y la Polic\u00eda Nacional, con el fin de detener a los causantes de este atentado. Para nosotros es absolutamente inadmisible que hechos como estos se sigan produciendo. No vamos a escatimar esfuerzos y actuaremos conforme lo dicta la normativa ambiental\u201d.<\/p>\n<p style=\"text-align: justify;\">El MAE, como principal rector ambiental del pa\u00eds, permanecer\u00e1 vigilante de este proceso, con la finalidad que velar por el cumplimiento de las normativas vigentes, garantizando el respeto de la naturaleza y todos los seres vivos como lo establece la Constituci\u00f3n Pol\u00edtica del Ecuador.<\/p>\n<p style=\"text-align: justify;\">\n","protected":false},"excerpt":{"rendered":"<p class=\"excerpt\">Ayer, en la parroquia Victoria del Portete, sector de Tarqui, miembros de la brigada de la Polic\u00eda Judicial (PJ) detuvieron a Manuel Damian, sospechoso de haber cazado a un c\u00f3ndor en el Bosque Protector Irquis \u2013Yanuncay (Azuay), el pasado mes de abril. Al momento, se encuentra detenido en la C\u00e1rcel de Detenci\u00f3n Provisional de la ciudad de Cuenca. Esta acci\u00f3n&hellip; <a href=\"https:\/\/www.ambienteyenergia.gob.ec\/ambiente\/policia-captura-a-presunto-cazador-de-un-condor-en-azuay-en-coordinacion-con-mae\/\">Read more &rarr;<\/a><\/p>\n","protected":false},"author":13,"featured_media":16469,"comment_status":"open","ping_status":"open","sticky":false,"template":"","format":"standard","meta":{"footnotes":""},"categories":[16,4],"tags":[212,352,53,54,353],"class_list":["post-16492","post","type-post","status-publish","format-standard","has-post-thumbnail","hentry","category-comunicamos","category-noticias","tag-azuay","tag-condor","tag-mae","tag-ministerio-del-ambiente","tag-policia-nacional","xfolkentry"],"_links":{"self":[{"href":"https:\/\/www.ambienteyenergia.gob.ec\/ambiente\/wp-json\/wp\/v2\/posts\/16492","targetHints":{"allow":["GET"]}}],"collection":[{"href":"https:\/\/www.ambienteyenergia.gob.ec\/ambiente\/wp-json\/wp\/v2\/posts"}],"about":[{"href":"https:\/\/www.ambienteyenergia.gob.ec\/ambiente\/wp-json\/wp\/v2\/types\/post"}],"author":[{"embeddable":true,"href":"https:\/\/www.ambienteyenergia.gob.ec\/ambiente\/wp-json\/wp\/v2\/users\/13"}],"replies":[{"embeddable":true,"href":"https:\/\/www.ambienteyenergia.gob.ec\/ambiente\/wp-json\/wp\/v2\/comments?post=16492"}],"version-history":[{"count":0,"href":"https:\/\/www.ambienteyenergia.gob.ec\/ambiente\/wp-json\/wp\/v2\/posts\/16492\/revisions"}],"wp:featuredmedia":[{"embeddable":true,"href":"https:\/\/www.ambienteyenergia.gob.ec\/ambiente\/wp-json\/wp\/v2\/media\/16469"}],"wp:attachment":[{"href":"https:\/\/www.ambienteyenergia.gob.ec\/ambiente\/wp-json\/wp\/v2\/media?parent=16492"}],"wp:term":[{"taxonomy":"category","embeddable":true,"href":"https:\/\/www.ambienteyenergia.gob.ec\/ambiente\/wp-json\/wp\/v2\/categories?post=16492"},{"taxonomy":"post_tag","embeddable":true,"href":"https:\/\/www.ambienteyenergia.gob.ec\/ambiente\/wp-json\/wp\/v2\/tags?post=16492"}],"curies":[{"name":"wp","href":"https:\/\/api.w.org\/{rel}","templated":true}]}}