{"id":16489,"date":"2013-11-07T11:34:46","date_gmt":"2013-11-07T16:34:46","guid":{"rendered":"http:\/\/www.ambiente.gob.ec\/?p=16489"},"modified":"2013-11-07T11:34:46","modified_gmt":"2013-11-07T16:34:46","slug":"mae-iniciara-proceso-administrativo-por-deforestacion-de-17-hectareas-de-bosque-primario-en-manabi","status":"publish","type":"post","link":"https:\/\/www.ambienteyenergia.gob.ec\/ambiente\/mae-iniciara-proceso-administrativo-por-deforestacion-de-17-hectareas-de-bosque-primario-en-manabi\/","title":{"rendered":"MAE iniciar\u00e1 proceso administrativo por deforestaci\u00f3n de 17 hect\u00e1reas de bosque primario en Manab\u00ed"},"content":{"rendered":"<p style=\"text-align: justify;\">Ayer, funcionarios del Ministerio del Ambiente (MAE), acompa\u00f1ados de personal de la Unidad de Protecci\u00f3n de Medio Ambiente (UPMA), realizaron un operativo con el objetivo de verificar la tala de aproximadamente 17 hect\u00e1reas de bosque primario, en una propiedad privada ubicada en el cant\u00f3n Portoviejo, provincia de Manab\u00ed.<\/p>\n<p style=\"text-align: justify;\">Al iniciar el proceso de tala de \u00e1rboles, el propietario del predio no tramit\u00f3 el permiso de mitigaci\u00f3n en el Ministerio del Ambiente, tal como lo establece el art\u00edculo 1 del Texto Unificado de Legislaci\u00f3n Ambiental Secundaria (TULAS). En este documento se indica que en el caso de cobertura vegetal nativa, para la ejecuci\u00f3n de obras o proyectos p\u00fablicos, se requiere de una licencia ambiental.<\/p>\n<p style=\"text-align: justify;\">El MAE como principal rector ambiental, se realizar\u00e1 un estudio de impacto en la zona, en el que se incluir\u00e1 un cap\u00edtulo que contenga un inventario de los recursos forestales que se perdieron.<\/p>\n<p style=\"text-align: justify;\">Los t\u00e9cnicos, luego de verificar la zona afectada, determinaron que se trataba de bosques primarios secos de alto riesgo, lo que ha modificado el paisaje.<\/p>\n<p style=\"text-align: justify;\">En el sector se destruy\u00f3 toda la vegetaci\u00f3n, por no haber tomado las medidas de prevenci\u00f3n adecuadas, especialmente, en donde exist\u00edan especies como palo santo, jaile, moyuyo, guayabo de monte, frutillo y vegetaci\u00f3n menor propia de la zona.<\/p>\n<p style=\"text-align: justify;\">\u00c1ngelo Traverso, Director Provincial del Ambiente, destac\u00f3 que la unidad jur\u00eddica del MAE, iniciar\u00e1 un proceso administrativo por la tala ilegal de \u00e1rboles, ante la negativa del propietario de comparecer. En el proceso jur\u00eddico se determinar\u00e1n las sanciones correspondientes, por el presunto delito ambiental. Estas acciones se basan en el art\u00edculo 98 de la ley forestal de conservaci\u00f3n de \u00e1reas naturales y vida silvestre.<\/p>\n<p style=\"text-align: justify;\">Finalmente, Traverso record\u00f3 a la ciudadan\u00eda que la Ley Forestal proh\u00edbe la poda, tala, descortezamiento, destrucci\u00f3n, alteraci\u00f3n, transformaci\u00f3n, adquisici\u00f3n, transportaci\u00f3n, comercializaci\u00f3n, o utilizaci\u00f3n de los bosques. Asimismo, establece multas por tala de \u00e1rboles, seg\u00fan la Resoluci\u00f3n 056 del 28 de enero de 2011.<\/p>\n","protected":false},"excerpt":{"rendered":"<p class=\"excerpt\">Ayer, funcionarios del Ministerio del Ambiente (MAE), acompa\u00f1ados de personal de la Unidad de Protecci\u00f3n de Medio Ambiente (UPMA), realizaron un operativo con el objetivo de verificar la tala de aproximadamente 17 hect\u00e1reas de bosque primario, en una propiedad privada ubicada en el cant\u00f3n Portoviejo, provincia de Manab\u00ed. Al iniciar el proceso de tala de \u00e1rboles, el propietario del predio&hellip; <a href=\"https:\/\/www.ambienteyenergia.gob.ec\/ambiente\/mae-iniciara-proceso-administrativo-por-deforestacion-de-17-hectareas-de-bosque-primario-en-manabi\/\">Read more &rarr;<\/a><\/p>\n","protected":false},"author":13,"featured_media":16490,"comment_status":"open","ping_status":"open","sticky":false,"template":"","format":"standard","meta":{"footnotes":""},"categories":[16,4],"tags":[80,350,53,54,351],"class_list":["post-16489","post","type-post","status-publish","format-standard","has-post-thumbnail","hentry","category-comunicamos","category-noticias","tag-bosque","tag-deforestacion","tag-mae","tag-ministerio-del-ambiente","tag-tulas","xfolkentry"],"_links":{"self":[{"href":"https:\/\/www.ambienteyenergia.gob.ec\/ambiente\/wp-json\/wp\/v2\/posts\/16489","targetHints":{"allow":["GET"]}}],"collection":[{"href":"https:\/\/www.ambienteyenergia.gob.ec\/ambiente\/wp-json\/wp\/v2\/posts"}],"about":[{"href":"https:\/\/www.ambienteyenergia.gob.ec\/ambiente\/wp-json\/wp\/v2\/types\/post"}],"author":[{"embeddable":true,"href":"https:\/\/www.ambienteyenergia.gob.ec\/ambiente\/wp-json\/wp\/v2\/users\/13"}],"replies":[{"embeddable":true,"href":"https:\/\/www.ambienteyenergia.gob.ec\/ambiente\/wp-json\/wp\/v2\/comments?post=16489"}],"version-history":[{"count":0,"href":"https:\/\/www.ambienteyenergia.gob.ec\/ambiente\/wp-json\/wp\/v2\/posts\/16489\/revisions"}],"wp:featuredmedia":[{"embeddable":true,"href":"https:\/\/www.ambienteyenergia.gob.ec\/ambiente\/wp-json\/wp\/v2\/media\/16490"}],"wp:attachment":[{"href":"https:\/\/www.ambienteyenergia.gob.ec\/ambiente\/wp-json\/wp\/v2\/media?parent=16489"}],"wp:term":[{"taxonomy":"category","embeddable":true,"href":"https:\/\/www.ambienteyenergia.gob.ec\/ambiente\/wp-json\/wp\/v2\/categories?post=16489"},{"taxonomy":"post_tag","embeddable":true,"href":"https:\/\/www.ambienteyenergia.gob.ec\/ambiente\/wp-json\/wp\/v2\/tags?post=16489"}],"curies":[{"name":"wp","href":"https:\/\/api.w.org\/{rel}","templated":true}]}}