{"id":16486,"date":"2013-11-07T10:02:14","date_gmt":"2013-11-07T15:02:14","guid":{"rendered":"http:\/\/www.ambiente.gob.ec\/?p=16486"},"modified":"2013-11-07T10:02:36","modified_gmt":"2013-11-07T15:02:36","slug":"segundo-ciclo-del-proyecto-civil-ciudadano-inicio-en-imbabura","status":"publish","type":"post","link":"https:\/\/www.ambienteyenergia.gob.ec\/ambiente\/segundo-ciclo-del-proyecto-civil-ciudadano-inicio-en-imbabura\/","title":{"rendered":"Segundo ciclo del Proyecto Civil Ciudadano inici\u00f3 en Imbabura"},"content":{"rendered":"<p style=\"text-align: justify;\">El Ministerio del Ambiente (MAE), en coordinaci\u00f3n con el Ministerio de Relaciones Laborales (MRL), realiz\u00f3 la inauguraci\u00f3n del segundo ciclo del Proyecto \u201cServicio Civil Ciudadano\u201d, con el objetivo de incentivar la participaci\u00f3n ciudadana, especialmente de los j\u00f3venes, incluy\u00e9ndolos en la soluci\u00f3n de problemas que aquejan a sus comunidades. El evento se desarroll\u00f3 el pasado 4 de noviembre en el auditorio del ex Banco Central, en la ciudad de Ibarra, provincia de Imbabura.<\/p>\n<p>Este tipo de iniciativas son una oportunidad para que los j\u00f3venes se integren a la sociedad y apoyen proyectos que fomentan el bienestar de la poblaci\u00f3n. Los requisitos que deben cumplir los participantes es tener tiempo disponible y entre 18 y 26 a\u00f1os de edad.<\/p>\n<p>En esta ocasi\u00f3n, los voluntarios pudieron aportar en dos sectores: la gesti\u00f3n ambiental y seguridad ciudadana. Durante los 10 meses que dura este proceso, los participantes se formaran en t\u00e9cnicas de \u201cAprender \u2013 Haciendo\u201d, para contribuir con acciones sociales en su propia comunidad.<\/p>\n<p>En la primera semana de actividades, los voluntarios asistir\u00e1n a la respectiva inducci\u00f3n, para luego iniciar las jornadas de trabajo en los diferentes sectores.<\/p>\n<p style=\"text-align: justify;\">El MAE apoya este tipo de proyectos con el fin de contribuir a la conservaci\u00f3n de la naturaleza, a trav\u00e9s de campa\u00f1as de concienciaci\u00f3n que imparten los voluntarios del Servicio Civil Ciudadano en sus barrios y comunidades.<\/p>\n","protected":false},"excerpt":{"rendered":"<p class=\"excerpt\">El Ministerio del Ambiente (MAE), en coordinaci\u00f3n con el Ministerio de Relaciones Laborales (MRL), realiz\u00f3 la inauguraci\u00f3n del segundo ciclo del Proyecto \u201cServicio Civil Ciudadano\u201d, con el objetivo de incentivar la participaci\u00f3n ciudadana, especialmente de los j\u00f3venes, incluy\u00e9ndolos en la soluci\u00f3n de problemas que aquejan a sus comunidades. El evento se desarroll\u00f3 el pasado 4 de noviembre en el auditorio&hellip; <a href=\"https:\/\/www.ambienteyenergia.gob.ec\/ambiente\/segundo-ciclo-del-proyecto-civil-ciudadano-inicio-en-imbabura\/\">Read more &rarr;<\/a><\/p>\n","protected":false},"author":13,"featured_media":16487,"comment_status":"open","ping_status":"open","sticky":false,"template":"","format":"standard","meta":{"footnotes":""},"categories":[16,4],"tags":[348,162,53,54,349],"class_list":["post-16486","post","type-post","status-publish","format-standard","has-post-thumbnail","hentry","category-comunicamos","category-noticias","tag-educacion","tag-imbabura","tag-mae","tag-ministerio-del-ambiente","tag-proyecto-servicio-civil-ciudadano","xfolkentry"],"_links":{"self":[{"href":"https:\/\/www.ambienteyenergia.gob.ec\/ambiente\/wp-json\/wp\/v2\/posts\/16486","targetHints":{"allow":["GET"]}}],"collection":[{"href":"https:\/\/www.ambienteyenergia.gob.ec\/ambiente\/wp-json\/wp\/v2\/posts"}],"about":[{"href":"https:\/\/www.ambienteyenergia.gob.ec\/ambiente\/wp-json\/wp\/v2\/types\/post"}],"author":[{"embeddable":true,"href":"https:\/\/www.ambienteyenergia.gob.ec\/ambiente\/wp-json\/wp\/v2\/users\/13"}],"replies":[{"embeddable":true,"href":"https:\/\/www.ambienteyenergia.gob.ec\/ambiente\/wp-json\/wp\/v2\/comments?post=16486"}],"version-history":[{"count":0,"href":"https:\/\/www.ambienteyenergia.gob.ec\/ambiente\/wp-json\/wp\/v2\/posts\/16486\/revisions"}],"wp:featuredmedia":[{"embeddable":true,"href":"https:\/\/www.ambienteyenergia.gob.ec\/ambiente\/wp-json\/wp\/v2\/media\/16487"}],"wp:attachment":[{"href":"https:\/\/www.ambienteyenergia.gob.ec\/ambiente\/wp-json\/wp\/v2\/media?parent=16486"}],"wp:term":[{"taxonomy":"category","embeddable":true,"href":"https:\/\/www.ambienteyenergia.gob.ec\/ambiente\/wp-json\/wp\/v2\/categories?post=16486"},{"taxonomy":"post_tag","embeddable":true,"href":"https:\/\/www.ambienteyenergia.gob.ec\/ambiente\/wp-json\/wp\/v2\/tags?post=16486"}],"curies":[{"name":"wp","href":"https:\/\/api.w.org\/{rel}","templated":true}]}}