{"id":16483,"date":"2013-11-07T09:21:25","date_gmt":"2013-11-07T14:21:25","guid":{"rendered":"http:\/\/www.ambiente.gob.ec\/?p=16483"},"modified":"2013-11-07T09:21:25","modified_gmt":"2013-11-07T14:21:25","slug":"mae-y-espoch-realizan-estudios-para-conservar-bosques-nativos","status":"publish","type":"post","link":"https:\/\/www.ambienteyenergia.gob.ec\/ambiente\/mae-y-espoch-realizan-estudios-para-conservar-bosques-nativos\/","title":{"rendered":"MAE y ESPOCH realizan estudios para conservar bosques nativos"},"content":{"rendered":"<p style=\"text-align: justify;\">Enmarcados en los Lineamientos Estrat\u00e9gicos Nacionales de Investigaci\u00f3n Ambiental (LENIA) y en el marco del convenio entre el Ministerio del Ambiente (MAE) y la Escuela Polit\u00e9cnica Superior de Chimborazo(ESPOCH), la Direcci\u00f3n Provincial del Ambiente de Chimborazo, realiza estudios de conservaci\u00f3n en remanentes de bosque nativo de las especies forestales Yagual (Polylepis reticulata) y Piquil (Gynoxis sp).<\/p>\n<p style=\"text-align: justify;\">Este estudio se lo realiza en la microcuenca del r\u00edo Chimborazo, y consiste en la identificaci\u00f3n y selecci\u00f3n de \u00e1rboles de especies forestales nativas, con la finalidad de identificar la calidad de germoplasma para constituirlos en \u00e1rboles semilleros para posteriores procesos de forestaci\u00f3n y reforestaci\u00f3n.<\/p>\n<p style=\"text-align: justify;\">Adem\u00e1s, con el trabajo de campo se identific\u00f3 las caracter\u00edsticas especiales como la no existencia de actividades humanas en el sector. Asimismo, permiti\u00f3 el reconocimiento de especies nativas andinas, catalog\u00e1ndolo as\u00ed como un bosque primario.<\/p>\n<p style=\"text-align: justify;\">Estos estudios se desarrolan en la comunidad Pasguazo y Chimborazo, en una parcela de 1000 m2 de experimentaci\u00f3n con \u00e1rboles que poseen alturas promedio de 6 y 7 m, y un excelente de di\u00e1metro en su tronco.<\/p>\n<p style=\"text-align: justify;\">Estas accionares permitir\u00e1n conservar las fuentes de agua de este importante ecosistema.<\/p>\n","protected":false},"excerpt":{"rendered":"<p class=\"excerpt\">Enmarcados en los Lineamientos Estrat\u00e9gicos Nacionales de Investigaci\u00f3n Ambiental (LENIA) y en el marco del convenio entre el Ministerio del Ambiente (MAE) y la Escuela Polit\u00e9cnica Superior de Chimborazo(ESPOCH), la Direcci\u00f3n Provincial del Ambiente de Chimborazo, realiza estudios de conservaci\u00f3n en remanentes de bosque nativo de las especies forestales Yagual (Polylepis reticulata) y Piquil (Gynoxis sp). Este estudio se lo&hellip; <a href=\"https:\/\/www.ambienteyenergia.gob.ec\/ambiente\/mae-y-espoch-realizan-estudios-para-conservar-bosques-nativos\/\">Read more &rarr;<\/a><\/p>\n","protected":false},"author":13,"featured_media":16484,"comment_status":"open","ping_status":"open","sticky":false,"template":"","format":"standard","meta":{"footnotes":""},"categories":[16,4],"tags":[101,53,54,85],"class_list":["post-16483","post","type-post","status-publish","format-standard","has-post-thumbnail","hentry","category-comunicamos","category-noticias","tag-chimborazo","tag-mae","tag-ministerio-del-ambiente","tag-reforestacion","xfolkentry"],"_links":{"self":[{"href":"https:\/\/www.ambienteyenergia.gob.ec\/ambiente\/wp-json\/wp\/v2\/posts\/16483","targetHints":{"allow":["GET"]}}],"collection":[{"href":"https:\/\/www.ambienteyenergia.gob.ec\/ambiente\/wp-json\/wp\/v2\/posts"}],"about":[{"href":"https:\/\/www.ambienteyenergia.gob.ec\/ambiente\/wp-json\/wp\/v2\/types\/post"}],"author":[{"embeddable":true,"href":"https:\/\/www.ambienteyenergia.gob.ec\/ambiente\/wp-json\/wp\/v2\/users\/13"}],"replies":[{"embeddable":true,"href":"https:\/\/www.ambienteyenergia.gob.ec\/ambiente\/wp-json\/wp\/v2\/comments?post=16483"}],"version-history":[{"count":0,"href":"https:\/\/www.ambienteyenergia.gob.ec\/ambiente\/wp-json\/wp\/v2\/posts\/16483\/revisions"}],"wp:featuredmedia":[{"embeddable":true,"href":"https:\/\/www.ambienteyenergia.gob.ec\/ambiente\/wp-json\/wp\/v2\/media\/16484"}],"wp:attachment":[{"href":"https:\/\/www.ambienteyenergia.gob.ec\/ambiente\/wp-json\/wp\/v2\/media?parent=16483"}],"wp:term":[{"taxonomy":"category","embeddable":true,"href":"https:\/\/www.ambienteyenergia.gob.ec\/ambiente\/wp-json\/wp\/v2\/categories?post=16483"},{"taxonomy":"post_tag","embeddable":true,"href":"https:\/\/www.ambienteyenergia.gob.ec\/ambiente\/wp-json\/wp\/v2\/tags?post=16483"}],"curies":[{"name":"wp","href":"https:\/\/api.w.org\/{rel}","templated":true}]}}