{"id":16473,"date":"2013-11-06T17:04:17","date_gmt":"2013-11-06T22:04:17","guid":{"rendered":"http:\/\/www.ambiente.gob.ec\/?p=16473"},"modified":"2013-11-06T18:13:45","modified_gmt":"2013-11-06T23:13:45","slug":"festival-de-la-langosta-en-isabela","status":"publish","type":"post","link":"https:\/\/www.ambienteyenergia.gob.ec\/ambiente\/festival-de-la-langosta-en-isabela\/","title":{"rendered":"Festival de la langosta en Isabela"},"content":{"rendered":"<p style=\"text-align: justify;\"><strong><em>Por segundo a\u00f1o consecutivo varias organizaciones se unen para desarrollar este acto educativo cultural.<\/em><\/strong><b>\u00a0 \u00a0\u00a0\u00a0\u00a0 \u00a0<\/b><\/p>\n<p style=\"text-align: justify;\">Con el objetivo de incentivar la pesca sustentable y consumo responsable de langosta en Isabela, por segundo a\u00f1o consecutivo se realiz\u00f3 el Festival de la langosta, un evento cultural educativo, en el que se optimiza el uso del recurso y se fomenta una actividad cotidiana de los isle\u00f1os, la pesca artesanal. Este evento interinstitucional fue organizado por la Direcci\u00f3n del Parque Nacional Gal\u00e1pagos (DPNG) y el Gobierno Aut\u00f3nomo Descentralizado Municipal de Isabela, con el apoyo del Ministerio de Turismo y la Fundaci\u00f3n IOI.<\/p>\n<p style=\"text-align: justify;\">Durante la ma\u00f1ana de ayer, en el Mercado Municipal, se present\u00f3 una Casa Abierta, en donde se expuso a los asistentes sobre la ecolog\u00eda y biolog\u00eda de la langosta. Adem\u00e1s de motivar a los ciudadanos a ser consumidores responsables de este recurso y solicitar los certificados de monitoreo cada vez que compren el producto.<\/p>\n<p style=\"text-align: justify;\">Dentro de las actividades, se desarrollaron concursos como la langosta m\u00e1s grande, en el que los pescadores -aplicando las regulaciones establecidas en esta pesquer\u00eda- capturaron los ejemplares de mejor tama\u00f1o. El ganador fue el pescador Ismael Ascencio.<\/p>\n<p style=\"text-align: justify;\">Asimismo, para fomentar la gastronom\u00eda local y el consumo responsable de este producto marino se premi\u00f3 el mejor plato t\u00edpico, en el que Elizabeth Su\u00e1rez fue la ganadora con el \u00abaguado de langosta\u00bb. Y el premio al mejor platillo con langosta entera lo obtuvo el Restaurante Isabela Grill Estick House, demostrando as\u00ed que tiene m\u00e1s valor comercial el producto completo y no \u00fanicamente la cola. Dentro de este festival tambi\u00e9n se galardon\u00f3 el arte. Marlene Moscoso gan\u00f3 el concurso de elaboraci\u00f3n de arte sobre langosta en material reciclado; mientras Estiben Bonne y Dayana Talledo, ganaron el concurso de dibujo y pintura.<\/p>\n<p style=\"text-align: justify;\">Durante la noche, se desarroll\u00f3 un evento cultural en el Complejo Deportivo de Puerto Villamil. Los planteles educativos Escuela Jacinto Gordillo y Colegio Fray Agust\u00edn de Azk\u00fanaga presentaron danzas. En el concurso de oratoria la ganadora fue Joana Lapo con el tema \u00abPesca y Consumo Responsable de Langosta Roja\u00bb. El grupo musical y de danza Ecoarte particip\u00f3 de la noche cultural y se proyect\u00f3 un v\u00eddeo sobre la vida del pescador de la isla Isabela el desarrollo de esta actividad.<\/p>\n<p style=\"text-align: justify;\">\n","protected":false},"excerpt":{"rendered":"<p class=\"excerpt\">Por segundo a\u00f1o consecutivo varias organizaciones se unen para desarrollar este acto educativo cultural.\u00a0 \u00a0\u00a0\u00a0\u00a0 \u00a0 Con el objetivo de incentivar la pesca sustentable y consumo responsable de langosta en Isabela, por segundo a\u00f1o consecutivo se realiz\u00f3 el Festival de la langosta, un evento cultural educativo, en el que se optimiza el uso del recurso y se fomenta una actividad&hellip; <a href=\"https:\/\/www.ambienteyenergia.gob.ec\/ambiente\/festival-de-la-langosta-en-isabela\/\">Read more &rarr;<\/a><\/p>\n","protected":false},"author":13,"featured_media":16474,"comment_status":"open","ping_status":"open","sticky":false,"template":"","format":"standard","meta":{"footnotes":""},"categories":[16,4],"tags":[],"class_list":["post-16473","post","type-post","status-publish","format-standard","has-post-thumbnail","hentry","category-comunicamos","category-noticias","xfolkentry"],"_links":{"self":[{"href":"https:\/\/www.ambienteyenergia.gob.ec\/ambiente\/wp-json\/wp\/v2\/posts\/16473","targetHints":{"allow":["GET"]}}],"collection":[{"href":"https:\/\/www.ambienteyenergia.gob.ec\/ambiente\/wp-json\/wp\/v2\/posts"}],"about":[{"href":"https:\/\/www.ambienteyenergia.gob.ec\/ambiente\/wp-json\/wp\/v2\/types\/post"}],"author":[{"embeddable":true,"href":"https:\/\/www.ambienteyenergia.gob.ec\/ambiente\/wp-json\/wp\/v2\/users\/13"}],"replies":[{"embeddable":true,"href":"https:\/\/www.ambienteyenergia.gob.ec\/ambiente\/wp-json\/wp\/v2\/comments?post=16473"}],"version-history":[{"count":0,"href":"https:\/\/www.ambienteyenergia.gob.ec\/ambiente\/wp-json\/wp\/v2\/posts\/16473\/revisions"}],"wp:featuredmedia":[{"embeddable":true,"href":"https:\/\/www.ambienteyenergia.gob.ec\/ambiente\/wp-json\/wp\/v2\/media\/16474"}],"wp:attachment":[{"href":"https:\/\/www.ambienteyenergia.gob.ec\/ambiente\/wp-json\/wp\/v2\/media?parent=16473"}],"wp:term":[{"taxonomy":"category","embeddable":true,"href":"https:\/\/www.ambienteyenergia.gob.ec\/ambiente\/wp-json\/wp\/v2\/categories?post=16473"},{"taxonomy":"post_tag","embeddable":true,"href":"https:\/\/www.ambienteyenergia.gob.ec\/ambiente\/wp-json\/wp\/v2\/tags?post=16473"}],"curies":[{"name":"wp","href":"https:\/\/api.w.org\/{rel}","templated":true}]}}