{"id":16465,"date":"2013-11-06T16:28:49","date_gmt":"2013-11-06T21:28:49","guid":{"rendered":"http:\/\/www.ambiente.gob.ec\/?p=16465"},"modified":"2013-11-06T18:15:53","modified_gmt":"2013-11-06T23:15:53","slug":"cuatro-tortugas-fueron-decomisadas-en-imbabura","status":"publish","type":"post","link":"https:\/\/www.ambienteyenergia.gob.ec\/ambiente\/cuatro-tortugas-fueron-decomisadas-en-imbabura\/","title":{"rendered":"Cuatro tortugas fueron decomisadas en Imbabura"},"content":{"rendered":"<p style=\"text-align: justify;\">Ayer, el Ministerio del Ambiente (MAE), en coordinaci\u00f3n con la Unidad de Polic\u00eda del Medio Ambiente\u00a0 (UPMA), decomis\u00f3 cuatro tortugas del jard\u00edn de infantes La Primavera, ubicado en la ciudad de Ibarra, provincia de Imbabura.<\/p>\n<p style=\"text-align: justify;\">Los espec\u00edmenes que fueron entregados voluntariamente por la directora del Centro Educativo, quien desconoc\u00eda su procedencia, pero al observar que se trataba de especies de vida silvestre se comunic\u00f3 con personal de esta Cartera de Estado.<\/p>\n<p style=\"text-align: justify;\">Funcionarios del MAE, luego de la denuncia telef\u00f3nica, se movilizaron inmediatamente al lugar para verificar el estado de salud de los animales y trasladarlos a un centro de tenencia que pueda encargarse de su recuperaci\u00f3n. En este lugar, pasar\u00e1n por un proceso de recuperaci\u00f3n hasta verificar\u00a0 si es conveniente o no reinsertarlos en su h\u00e1bitat natural.<\/p>\n","protected":false},"excerpt":{"rendered":"<p class=\"excerpt\">Ayer, el Ministerio del Ambiente (MAE), en coordinaci\u00f3n con la Unidad de Polic\u00eda del Medio Ambiente\u00a0 (UPMA), decomis\u00f3 cuatro tortugas del jard\u00edn de infantes La Primavera, ubicado en la ciudad de Ibarra, provincia de Imbabura. Los espec\u00edmenes que fueron entregados voluntariamente por la directora del Centro Educativo, quien desconoc\u00eda su procedencia, pero al observar que se trataba de especies de&hellip; <a href=\"https:\/\/www.ambienteyenergia.gob.ec\/ambiente\/cuatro-tortugas-fueron-decomisadas-en-imbabura\/\">Read more &rarr;<\/a><\/p>\n","protected":false},"author":13,"featured_media":16466,"comment_status":"open","ping_status":"open","sticky":false,"template":"","format":"standard","meta":{"footnotes":""},"categories":[16,4],"tags":[],"class_list":["post-16465","post","type-post","status-publish","format-standard","has-post-thumbnail","hentry","category-comunicamos","category-noticias","xfolkentry"],"_links":{"self":[{"href":"https:\/\/www.ambienteyenergia.gob.ec\/ambiente\/wp-json\/wp\/v2\/posts\/16465","targetHints":{"allow":["GET"]}}],"collection":[{"href":"https:\/\/www.ambienteyenergia.gob.ec\/ambiente\/wp-json\/wp\/v2\/posts"}],"about":[{"href":"https:\/\/www.ambienteyenergia.gob.ec\/ambiente\/wp-json\/wp\/v2\/types\/post"}],"author":[{"embeddable":true,"href":"https:\/\/www.ambienteyenergia.gob.ec\/ambiente\/wp-json\/wp\/v2\/users\/13"}],"replies":[{"embeddable":true,"href":"https:\/\/www.ambienteyenergia.gob.ec\/ambiente\/wp-json\/wp\/v2\/comments?post=16465"}],"version-history":[{"count":0,"href":"https:\/\/www.ambienteyenergia.gob.ec\/ambiente\/wp-json\/wp\/v2\/posts\/16465\/revisions"}],"wp:featuredmedia":[{"embeddable":true,"href":"https:\/\/www.ambienteyenergia.gob.ec\/ambiente\/wp-json\/wp\/v2\/media\/16466"}],"wp:attachment":[{"href":"https:\/\/www.ambienteyenergia.gob.ec\/ambiente\/wp-json\/wp\/v2\/media?parent=16465"}],"wp:term":[{"taxonomy":"category","embeddable":true,"href":"https:\/\/www.ambienteyenergia.gob.ec\/ambiente\/wp-json\/wp\/v2\/categories?post=16465"},{"taxonomy":"post_tag","embeddable":true,"href":"https:\/\/www.ambienteyenergia.gob.ec\/ambiente\/wp-json\/wp\/v2\/tags?post=16465"}],"curies":[{"name":"wp","href":"https:\/\/api.w.org\/{rel}","templated":true}]}}