{"id":16448,"date":"2013-11-06T08:05:29","date_gmt":"2013-11-06T13:05:29","guid":{"rendered":"http:\/\/www.ambiente.gob.ec\/?p=16448"},"modified":"2013-11-06T08:05:29","modified_gmt":"2013-11-06T13:05:29","slug":"mae-asumio-la-administracion-de-la-isla-santay","status":"publish","type":"post","link":"https:\/\/www.ambienteyenergia.gob.ec\/ambiente\/mae-asumio-la-administracion-de-la-isla-santay\/","title":{"rendered":"MAE asumi\u00f3 la administraci\u00f3n de la Isla Santay"},"content":{"rendered":"<p style=\"text-align: justify;\">Ayer, M\u00f3nica Hidalgo, Ministra del Ambiente (S), se reuni\u00f3 con los comuneros de Santay, en un evento en el que el Ministerio del Ambiente (MAE) asumi\u00f3 nuevamente toda la administraci\u00f3n de la isla, con la finalidad de convertir a esta zona, ubicada a 15 minutos de la ciudad de Guayaquil, en un modelo gesti\u00f3n sustentable, a trav\u00e9s de acciones conjuntas con la comunidad, su principal beneficiara.<\/p>\n<p style=\"text-align: justify;\">Durante su intervenci\u00f3n, la Ministra Hidalgo explic\u00f3 el Plan que esta Cartera de Estado tiene para el desarrollo de la isla y de sus habitantes. \u201cPara el MAE, el trabajo en Santay es una prioridad y constituye\u00a0 un proyecto emblem\u00e1tico. Por esa raz\u00f3n, mediante estudios t\u00e9cnicos, se ha determinado de manera estrat\u00e9gica los lugares para la construcci\u00f3n de la infraestructura que aportar\u00e1 al desarrollo de un turismo comunitario, una actividad que beneficiar\u00e1 a todos sus familias\u201d.<\/p>\n<p style=\"text-align: justify;\">Entre las principales obras que\u00a0 se contemplan en este Plan, est\u00e1n la apertura de senderos naturales, la colocaci\u00f3n de juegos de aventura, un restaurante, un centro de interpretaci\u00f3n y la reubicaci\u00f3n de la cocodrilera, sitio que alberga 11 cocodrilos adultos que miden alrededor de 3,5 metros de largo; entre otras construcciones que tendr\u00e1n caracter\u00edsticas de acuerdo con el ecosistema de la isla.<\/p>\n<p style=\"text-align: justify;\">Luego de su presentaci\u00f3n, la Secretaria de Estado solvent\u00f3 algunas dudas,\u00a0 y recibi\u00f3\u00a0 sugerencias y agradecimientos de los miembros de la Asociaci\u00f3n de pobladores San Jacinto de la Isla Santay. Entre ellos, la presidenta, Elsa Rodr\u00edguez, para quien la intervenci\u00f3n del Gobierno Nacional, a trav\u00e9s del Ministerio del Ambiente, ha sido fundamental para cambiar la calidad de vida de las 56 familias que habitan el sector.<\/p>\n<p style=\"text-align: justify;\">Con ello concord\u00f3 \u00a0Byron Dom\u00ednguez, de 24 a\u00f1os, habitante de la isla desde su nacimiento. \u201cPara m\u00ed, la principal obra que ha hecho el Gobierno es la construcci\u00f3n de las viviendas para cada familia. Tenemos energ\u00eda el\u00e9ctrica, agua, ya no existe influencia de enfermedades. Pero tambi\u00e9n es importante el cambio de actividad productiva de los habitantes. Ahora, nos dedicamos al turismo y con la ayuda del MAE es una actividad que se fortalece\u201d.<\/p>\n<p style=\"text-align: justify;\">Para finalizar la reuni\u00f3n, la Autoridad Ambiental entreg\u00f3 camisetas y bolsos biodegradables, para, de manera simb\u00f3lica, posicionar a los comuneros como socios estrat\u00e9gicos en la gesti\u00f3n y administraci\u00f3n de Santay. \u00a0\u201cNuestro compromiso con los habitantes de la isla es firme. Estaremos pendientes de los avances de este proyecto estructurado en pro del bienestar de todos los seres vivos y la naturales\u201d.<\/p>\n<p style=\"text-align: justify;\">\n","protected":false},"excerpt":{"rendered":"<p class=\"excerpt\">Ayer, M\u00f3nica Hidalgo, Ministra del Ambiente (S), se reuni\u00f3 con los comuneros de Santay, en un evento en el que el Ministerio del Ambiente (MAE) asumi\u00f3 nuevamente toda la administraci\u00f3n de la isla, con la finalidad de convertir a esta zona, ubicada a 15 minutos de la ciudad de Guayaquil, en un modelo gesti\u00f3n sustentable, a trav\u00e9s de acciones conjuntas&hellip; <a href=\"https:\/\/www.ambienteyenergia.gob.ec\/ambiente\/mae-asumio-la-administracion-de-la-isla-santay\/\">Read more &rarr;<\/a><\/p>\n","protected":false},"author":13,"featured_media":16449,"comment_status":"open","ping_status":"open","sticky":false,"template":"","format":"standard","meta":{"footnotes":""},"categories":[16,4],"tags":[],"class_list":["post-16448","post","type-post","status-publish","format-standard","has-post-thumbnail","hentry","category-comunicamos","category-noticias","xfolkentry"],"_links":{"self":[{"href":"https:\/\/www.ambienteyenergia.gob.ec\/ambiente\/wp-json\/wp\/v2\/posts\/16448","targetHints":{"allow":["GET"]}}],"collection":[{"href":"https:\/\/www.ambienteyenergia.gob.ec\/ambiente\/wp-json\/wp\/v2\/posts"}],"about":[{"href":"https:\/\/www.ambienteyenergia.gob.ec\/ambiente\/wp-json\/wp\/v2\/types\/post"}],"author":[{"embeddable":true,"href":"https:\/\/www.ambienteyenergia.gob.ec\/ambiente\/wp-json\/wp\/v2\/users\/13"}],"replies":[{"embeddable":true,"href":"https:\/\/www.ambienteyenergia.gob.ec\/ambiente\/wp-json\/wp\/v2\/comments?post=16448"}],"version-history":[{"count":0,"href":"https:\/\/www.ambienteyenergia.gob.ec\/ambiente\/wp-json\/wp\/v2\/posts\/16448\/revisions"}],"wp:featuredmedia":[{"embeddable":true,"href":"https:\/\/www.ambienteyenergia.gob.ec\/ambiente\/wp-json\/wp\/v2\/media\/16449"}],"wp:attachment":[{"href":"https:\/\/www.ambienteyenergia.gob.ec\/ambiente\/wp-json\/wp\/v2\/media?parent=16448"}],"wp:term":[{"taxonomy":"category","embeddable":true,"href":"https:\/\/www.ambienteyenergia.gob.ec\/ambiente\/wp-json\/wp\/v2\/categories?post=16448"},{"taxonomy":"post_tag","embeddable":true,"href":"https:\/\/www.ambienteyenergia.gob.ec\/ambiente\/wp-json\/wp\/v2\/tags?post=16448"}],"curies":[{"name":"wp","href":"https:\/\/api.w.org\/{rel}","templated":true}]}}