{"id":16442,"date":"2013-11-05T21:41:11","date_gmt":"2013-11-06T02:41:11","guid":{"rendered":"http:\/\/www.ambiente.gob.ec\/?p=16442"},"modified":"2013-11-06T08:03:10","modified_gmt":"2013-11-06T13:03:10","slug":"mae-reforestara-el-bosque-protector-cerro-colorado-luego-de-desalojo-a-invasores-que-talaron-indiscriminadamente","status":"publish","type":"post","link":"https:\/\/www.ambienteyenergia.gob.ec\/ambiente\/mae-reforestara-el-bosque-protector-cerro-colorado-luego-de-desalojo-a-invasores-que-talaron-indiscriminadamente\/","title":{"rendered":"MAE reforestar\u00e1 el Bosque Protector Cerro Colorado, luego de desalojo a invasores que talaron indiscriminadamente"},"content":{"rendered":"<p style=\"text-align: justify;\">El pasado\u00a03 de noviembre, en atenci\u00f3n a una denuncia presentada por guardarques, se realiz\u00f3 una inspecci\u00f3n en el Bosque Protector\u00a0\u00a0Cerro Colorado, ubicado en el interior de la Reserva Recreacional Samanes en Guayaquil,\u00a0en la que se constat\u00f3 que hab\u00eda construcciones de vivienda. Una vez tomadas las coordenadas respectivas, se\u00a0\u00a0emiti\u00f3 un certificado de intersecci\u00f3n y se verific\u00f3 que esas construcciones eran ilegales. Por esta raz\u00f3n, y en cumplimiento de la Normativa Ambiental vigente, se desaloj\u00f3 a los invasores con el objetivo de preservar, mantener y conservar \u00e9sta \u00e1rea protegida, para que est\u00e9 libre de actividades antropog\u00e9nicas.<\/p>\n<p style=\"text-align: justify;\">El Director Provincial de Ministerio del Ambiente Guayas, Pablo Segale y su personal t\u00e9cnico, la Subsecretaria de Prevenci\u00f3n de Asentamiento Humanos Ilegales, la Empresa P\u00fablica de Parque Urbanos y la Polic\u00eda Nacional, verificaron que las personas que estaban habitando la zona, adem\u00e1s de haber talado indiscriminadamente \u00e1rboles, cambiaron el uso del suelo, e incluso hab\u00edan construido pozos s\u00e9pticos, invadiendo 2 405 hect\u00e1reas de Bosque Protector.<\/p>\n<p style=\"text-align: justify;\">Esas acciones atentan contra los derechos de la naturaleza, estipulados en la Constituci\u00f3n Pol\u00edtica, por lo que se procedi\u00f3 al desalojo de estos habitantes. Con la colaboraci\u00f3n de guardaparques y dem\u00e1s personal de las Instituciones\u00a0\u00a0mencionadas, se ayud\u00f3 a los ciudadanos a sacar las pertenencias, para que puedan hacer uso de sus bienes. Adem\u00e1s, se les explic\u00f3 que las sanciones aplicadas respond\u00edan a las irregularidades cometidas.<\/p>\n<p style=\"text-align: justify;\">Con la finalidad de ejercer autoridad en cuanto a la protecci\u00f3n de los ecosistemas, el MAE en coordinaci\u00f3n con las instituciones antes mencionadas, present\u00f3 una denuncia ante la fiscal\u00eda D\u00e9cimo Quinta de Flagrancia del Guayas, contra los ciudadanos que no respetaron la ley e invadieron este espacio natural para la construcci\u00f3n.<\/p>\n<p style=\"text-align: justify;\">Lo que se busca con estas acciones de desalojo es promover una relaci\u00f3n arm\u00f3nica entre la naturaleza y el ser humano, cumpliendo as\u00ed con el mandato del Buen Vivir.<\/p>\n<p style=\"text-align: justify;\">Hoy, guardaparques del esta Cartera de Estado recogieron la madera talada ilegalmente en el sitio del desalojo y recolectaron las semillas de \u00e1rboles nativos de bosque seco tropical para realizar una posterior reforestaci\u00f3n.<\/p>\n<p style=\"text-align: justify;\">Luego de esta acci\u00f3n leg\u00edtima, el proceso de reforestaci\u00f3n total del Bosque Protector Cerro Colorado iniciar\u00e1 de manera inmediata. Para esta actividad, se emplear\u00e1n entre 3 000 y 4 000 plantas nativas de las especies \u00a0guasmo, bototillo, sam\u00e1n, y niguito, entre otras. Adem\u00e1s, se colocar\u00e1n letreros que se\u00f1alen los l\u00edmites del \u00e1rea protegida, como indicador de que es una zona restringida para la construcci\u00f3n de viviendas o cualquier otro tipo de infraestructura.<\/p>\n<p style=\"text-align: justify;\">Esta Cartera de Estado, como autoridad ambiental nacional, se mantendr\u00e1 vigilante y velar\u00e1 con el cumplimiento de la normativa en pro de la conservaci\u00f3n del patrimonio natural de todos los ecuatorianos.<\/p>\n<p style=\"text-align: justify;\">\n","protected":false},"excerpt":{"rendered":"<p class=\"excerpt\">El pasado\u00a03 de noviembre, en atenci\u00f3n a una denuncia presentada por guardarques, se realiz\u00f3 una inspecci\u00f3n en el Bosque Protector\u00a0\u00a0Cerro Colorado, ubicado en el interior de la Reserva Recreacional Samanes en Guayaquil,\u00a0en la que se constat\u00f3 que hab\u00eda construcciones de vivienda. Una vez tomadas las coordenadas respectivas, se\u00a0\u00a0emiti\u00f3 un certificado de intersecci\u00f3n y se verific\u00f3 que esas construcciones eran ilegales.&hellip; <a href=\"https:\/\/www.ambienteyenergia.gob.ec\/ambiente\/mae-reforestara-el-bosque-protector-cerro-colorado-luego-de-desalojo-a-invasores-que-talaron-indiscriminadamente\/\">Read more &rarr;<\/a><\/p>\n","protected":false},"author":13,"featured_media":16447,"comment_status":"open","ping_status":"open","sticky":false,"template":"","format":"standard","meta":{"footnotes":""},"categories":[16,4,10],"tags":[],"class_list":["post-16442","post","type-post","status-publish","format-standard","has-post-thumbnail","hentry","category-comunicamos","category-noticias","category-noticias-destacadas","xfolkentry"],"_links":{"self":[{"href":"https:\/\/www.ambienteyenergia.gob.ec\/ambiente\/wp-json\/wp\/v2\/posts\/16442","targetHints":{"allow":["GET"]}}],"collection":[{"href":"https:\/\/www.ambienteyenergia.gob.ec\/ambiente\/wp-json\/wp\/v2\/posts"}],"about":[{"href":"https:\/\/www.ambienteyenergia.gob.ec\/ambiente\/wp-json\/wp\/v2\/types\/post"}],"author":[{"embeddable":true,"href":"https:\/\/www.ambienteyenergia.gob.ec\/ambiente\/wp-json\/wp\/v2\/users\/13"}],"replies":[{"embeddable":true,"href":"https:\/\/www.ambienteyenergia.gob.ec\/ambiente\/wp-json\/wp\/v2\/comments?post=16442"}],"version-history":[{"count":0,"href":"https:\/\/www.ambienteyenergia.gob.ec\/ambiente\/wp-json\/wp\/v2\/posts\/16442\/revisions"}],"wp:featuredmedia":[{"embeddable":true,"href":"https:\/\/www.ambienteyenergia.gob.ec\/ambiente\/wp-json\/wp\/v2\/media\/16447"}],"wp:attachment":[{"href":"https:\/\/www.ambienteyenergia.gob.ec\/ambiente\/wp-json\/wp\/v2\/media?parent=16442"}],"wp:term":[{"taxonomy":"category","embeddable":true,"href":"https:\/\/www.ambienteyenergia.gob.ec\/ambiente\/wp-json\/wp\/v2\/categories?post=16442"},{"taxonomy":"post_tag","embeddable":true,"href":"https:\/\/www.ambienteyenergia.gob.ec\/ambiente\/wp-json\/wp\/v2\/tags?post=16442"}],"curies":[{"name":"wp","href":"https:\/\/api.w.org\/{rel}","templated":true}]}}