{"id":16434,"date":"2013-11-05T15:23:52","date_gmt":"2013-11-05T20:23:52","guid":{"rendered":"http:\/\/www.ambiente.gob.ec\/?p=16434"},"modified":"2013-11-06T18:44:16","modified_gmt":"2013-11-06T23:44:16","slug":"alrededor-de-160-personas-trabajan-para-controlar-incendio-en-azuay","status":"publish","type":"post","link":"https:\/\/www.ambienteyenergia.gob.ec\/ambiente\/alrededor-de-160-personas-trabajan-para-controlar-incendio-en-azuay\/","title":{"rendered":"Alrededor de 160 personas trabajan para controlar incendio en Azuay"},"content":{"rendered":"<p style=\"text-align: justify;\">El pasado 3 de noviembre, el ECU 911 inform\u00f3 a la Direcci\u00f3n Provincial del\u00a0 Ambiente de Azuay sobre un incendio forestal, localizado en el sector Can Can, que pertenece al caser\u00edo Soldados, de la Parroquia San Joaqu\u00edn, provincia de Azuay. A pesar del gran trabajo desplegado por varias Instituciones y que contin\u00faan hasta el momento en esta labor, el fuego no ha sido controlado totalmente; sus efectos est\u00e1n causando destrucci\u00f3n de la vegetaci\u00f3n del p\u00e1ramo, recursos biol\u00f3gicos en general, el suelo, as\u00ed como a las plantaciones de pino. El flagelo en referencia se ha producido dentro de las \u00c1reas de Bosque y Vegetaci\u00f3n Protector Yanuncay-Irquis y Sun Sun-Yanasacha, hasta el momento se estima que el flagelo ha afectado una superficie de aproximadamente 200 hect\u00e1reas.<\/p>\n<p style=\"text-align: justify;\">Ante esta situaci\u00f3n, la respuesta de las instituciones fue inmediata, el 4 de noviembre, se estableci\u00f3 el Consejo de Gesti\u00f3n de Riesgos Provincial, que en coordinaci\u00f3n con el Ministerio del Ambiente (MAE), despleg\u00f3 cerca de 160 personas para que ayuden con las acciones de emergencia para el combate y control del incendio forestal.<\/p>\n<p style=\"text-align: justify;\">Personal del Ministerio del Ambiente, efectivos del Cuerpo de Bomberos, guardaparques del Parque Nacional Cajas, elementos de la Polic\u00eda Nacional, de las Fuerzas Armadas y personal de la Empresa Municipal de Telecomunicaciones, Agua Potable, Alcantarillado y Saneamiento (Etapa) se encuentran en el lugar para tratar de controlar el fuego y evitar que el mismo se expanda.<\/p>\n<p style=\"text-align: justify;\">Para ello, el MAE ha brindado apoyo log\u00edstico proporcionado bate-fuegos, mientras que la Secretar\u00eda de Gesti\u00f3n de Riesgos ha coordinado la adquisici\u00f3n de 100 kits para ser entregado al personal que se encuentra en el operativo. Por su parte, el Comando de las Fuerzas Armadas ha destinado un total de 200 raciones diarias para alimentaci\u00f3n de las personas, adem\u00e1s, ha asignado un helic\u00f3ptero equipado con bambi backet con capacidad de 2 000 litros de agua para contribuir en la actividad de combate.<\/p>\n<p style=\"text-align: justify;\">A pesar de las complicaciones de el control del flagelo por la topograf\u00eda, accesibilidad, vientos, altas temperaturas, etc, las acciones de coordinaci\u00f3n para el control del mismo continua hasta que se controle totalmente el fuego.<\/p>\n<p style=\"text-align: justify;\">La Direcci\u00f3n Provincial del Ambiente de Azuay, solicita a la ciudadan\u00eda que asuman las medidas preventivas necesarias para evitar que incendios forestales como \u00e9ste se repitan. Asimismo, insta a la poblaci\u00f3n a denunciar a las personas que provocan incidentes que afectan a los ecosistemas. Al momento, la Polic\u00eda Judicial trabaja en las investigaciones que determinen las causas del incendio.<\/p>\n<div id='gallery-1' class='gallery galleryid-16434 gallery-columns-3 gallery-size-thumbnail'><dl class='gallery-item'>\n\t\t\t<dt class='gallery-icon landscape'>\n\t\t\t\t<a href='https:\/\/www.ambienteyenergia.gob.ec\/ambiente\/alrededor-de-160-personas-trabajan-para-controlar-incendio-en-azuay\/img_5451\/'><img loading=\"lazy\" decoding=\"async\" width=\"150\" height=\"150\" src=\"https:\/\/www.ambienteyenergia.gob.ec\/ambiente\/wp-content\/uploads\/sites\/2\/2013\/11\/IMG_5451-150x150.jpg\" class=\"attachment-thumbnail size-thumbnail\" alt=\"\" \/><\/a>\n\t\t\t<\/dt><\/dl><dl class='gallery-item'>\n\t\t\t<dt class='gallery-icon landscape'>\n\t\t\t\t<a href='https:\/\/www.ambienteyenergia.gob.ec\/ambiente\/alrededor-de-160-personas-trabajan-para-controlar-incendio-en-azuay\/img_5457\/'><img loading=\"lazy\" decoding=\"async\" width=\"150\" height=\"150\" src=\"https:\/\/www.ambienteyenergia.gob.ec\/ambiente\/wp-content\/uploads\/sites\/2\/2013\/11\/IMG_5457-150x150.jpg\" class=\"attachment-thumbnail size-thumbnail\" alt=\"\" \/><\/a>\n\t\t\t<\/dt><\/dl><dl class='gallery-item'>\n\t\t\t<dt class='gallery-icon landscape'>\n\t\t\t\t<a href='https:\/\/www.ambienteyenergia.gob.ec\/ambiente\/alrededor-de-160-personas-trabajan-para-controlar-incendio-en-azuay\/img_5460\/'><img loading=\"lazy\" decoding=\"async\" width=\"150\" height=\"150\" src=\"https:\/\/www.ambienteyenergia.gob.ec\/ambiente\/wp-content\/uploads\/sites\/2\/2013\/11\/IMG_5460-150x150.jpg\" class=\"attachment-thumbnail size-thumbnail\" alt=\"\" \/><\/a>\n\t\t\t<\/dt><\/dl><br style=\"clear: both\" \/><dl class='gallery-item'>\n\t\t\t<dt class='gallery-icon landscape'>\n\t\t\t\t<a href='https:\/\/www.ambienteyenergia.gob.ec\/ambiente\/alrededor-de-160-personas-trabajan-para-controlar-incendio-en-azuay\/img_5464\/'><img loading=\"lazy\" decoding=\"async\" width=\"150\" height=\"150\" src=\"https:\/\/www.ambienteyenergia.gob.ec\/ambiente\/wp-content\/uploads\/sites\/2\/2013\/11\/IMG_5464-150x150.jpg\" class=\"attachment-thumbnail size-thumbnail\" alt=\"\" \/><\/a>\n\t\t\t<\/dt><\/dl><dl class='gallery-item'>\n\t\t\t<dt class='gallery-icon landscape'>\n\t\t\t\t<a href='https:\/\/www.ambienteyenergia.gob.ec\/ambiente\/alrededor-de-160-personas-trabajan-para-controlar-incendio-en-azuay\/img_5485\/'><img loading=\"lazy\" decoding=\"async\" width=\"150\" height=\"150\" src=\"https:\/\/www.ambienteyenergia.gob.ec\/ambiente\/wp-content\/uploads\/sites\/2\/2013\/11\/IMG_5485-150x150.jpg\" class=\"attachment-thumbnail size-thumbnail\" alt=\"\" \/><\/a>\n\t\t\t<\/dt><\/dl>\n\t\t\t<br style='clear: both' \/>\n\t\t<\/div>\n\n","protected":false},"excerpt":{"rendered":"<p class=\"excerpt\">El pasado 3 de noviembre, el ECU 911 inform\u00f3 a la Direcci\u00f3n Provincial del\u00a0 Ambiente de Azuay sobre un incendio forestal, localizado en el sector Can Can, que pertenece al caser\u00edo Soldados, de la Parroquia San Joaqu\u00edn, provincia de Azuay. A pesar del gran trabajo desplegado por varias Instituciones y que contin\u00faan hasta el momento en esta labor, el fuego&hellip; <a href=\"https:\/\/www.ambienteyenergia.gob.ec\/ambiente\/alrededor-de-160-personas-trabajan-para-controlar-incendio-en-azuay\/\">Read more &rarr;<\/a><\/p>\n","protected":false},"author":13,"featured_media":16435,"comment_status":"open","ping_status":"open","sticky":false,"template":"","format":"standard","meta":{"footnotes":""},"categories":[16,4],"tags":[],"class_list":["post-16434","post","type-post","status-publish","format-standard","has-post-thumbnail","hentry","category-comunicamos","category-noticias","xfolkentry"],"_links":{"self":[{"href":"https:\/\/www.ambienteyenergia.gob.ec\/ambiente\/wp-json\/wp\/v2\/posts\/16434","targetHints":{"allow":["GET"]}}],"collection":[{"href":"https:\/\/www.ambienteyenergia.gob.ec\/ambiente\/wp-json\/wp\/v2\/posts"}],"about":[{"href":"https:\/\/www.ambienteyenergia.gob.ec\/ambiente\/wp-json\/wp\/v2\/types\/post"}],"author":[{"embeddable":true,"href":"https:\/\/www.ambienteyenergia.gob.ec\/ambiente\/wp-json\/wp\/v2\/users\/13"}],"replies":[{"embeddable":true,"href":"https:\/\/www.ambienteyenergia.gob.ec\/ambiente\/wp-json\/wp\/v2\/comments?post=16434"}],"version-history":[{"count":0,"href":"https:\/\/www.ambienteyenergia.gob.ec\/ambiente\/wp-json\/wp\/v2\/posts\/16434\/revisions"}],"wp:featuredmedia":[{"embeddable":true,"href":"https:\/\/www.ambienteyenergia.gob.ec\/ambiente\/wp-json\/wp\/v2\/media\/16435"}],"wp:attachment":[{"href":"https:\/\/www.ambienteyenergia.gob.ec\/ambiente\/wp-json\/wp\/v2\/media?parent=16434"}],"wp:term":[{"taxonomy":"category","embeddable":true,"href":"https:\/\/www.ambienteyenergia.gob.ec\/ambiente\/wp-json\/wp\/v2\/categories?post=16434"},{"taxonomy":"post_tag","embeddable":true,"href":"https:\/\/www.ambienteyenergia.gob.ec\/ambiente\/wp-json\/wp\/v2\/tags?post=16434"}],"curies":[{"name":"wp","href":"https:\/\/api.w.org\/{rel}","templated":true}]}}