{"id":16416,"date":"2013-11-05T08:55:48","date_gmt":"2013-11-05T13:55:48","guid":{"rendered":"http:\/\/www.ambiente.gob.ec\/?p=16416"},"modified":"2013-11-05T08:59:05","modified_gmt":"2013-11-05T13:59:05","slug":"mae-celebra-la-semana-del-animal","status":"publish","type":"post","link":"https:\/\/www.ambienteyenergia.gob.ec\/ambiente\/mae-celebra-la-semana-del-animal\/","title":{"rendered":"MAE celebra la Semana del Animal"},"content":{"rendered":"<p style=\"text-align: justify;\">\u201cLa grandeza de una naci\u00f3n y su progreso moral puede medirse por el trato que reciben los animales\u201d, Gandhi<\/p>\n<p style=\"text-align: justify;\">Del 4 al 10 de noviembre, con actividades l\u00fadico educativas de concienciaci\u00f3n y sensibilizaci\u00f3n, el Ministerio del Ambiente (MAE) celebrar\u00e1 la Semana del Animal, como parte de los\u00a0 esfuerzos que realiza para\u00a0 proteger a los animales, desde sus \u00e1mbitos de acci\u00f3n y competencias, estipulados en la Constituci\u00f3n Pol\u00edtica del Ecuador y toda la normativa ambiental vigente.<\/p>\n<p style=\"text-align: justify;\">Del lunes 4 al viernes 8 de noviembre, se realizar\u00e1 una exposici\u00f3n fotogr\u00e1fica sobre \u00abLo bueno y lo malo del manejo de Fauna Silvestre en la sociedad\u00bb. Esta exhibici\u00f3n que tendr\u00e1 30 im\u00e1genes seleccionadas del banco que esta Cartera de Estado ha\u00a0 registrado en sus jornadas de gesti\u00f3n, estar\u00e1 en la planta baja del edificio Planta Central del MAE.<\/p>\n<p style=\"text-align: justify;\">Paralelamente, el viernes 8, en el edificio Planta Central se presentar\u00e1 un video fotogr\u00e1fico de Fauna Silvestre y se premiar\u00e1 a los ganadores del concurso \u00abVida Animal\u00bb, una trivia que se realizar\u00e1 con los funcionarios del Ministerio. Adem\u00e1s, de la intervenci\u00f3n de un grupo musical, se entregar\u00e1n reconocimientos y recuerdos.<\/p>\n<p style=\"text-align: justify;\">Para cerrar esta importante semana, el s\u00e1bado 9 y el domingo 10, se llevar\u00e1n a cabo campa\u00f1as de esterilizaci\u00f3n de animales dom\u00e9sticos en los sectores de Bellavista de Calder\u00f3n y Llano Chico. Esta actividad de efectuar\u00e1 en coordinaci\u00f3n con las Juntas Parroquiales y con el apoyo de especialistas veterinarios.<\/p>\n<p style=\"text-align: justify;\">Acciones del MAE en pro de la Protecci\u00f3n de los Animales<\/p>\n<ul style=\"text-align: justify;\">\n<li>Durante todo el a\u00f1o, esta Cartera de Estado desarrolla campa\u00f1as en pro de la protecci\u00f3n de la fauna silvestre, especialmente en contra del tr\u00e1fico ilegal, as\u00ed como actividades puntuales atendiendo el calendario de fechas espec\u00edficas relacionadas con la defensa de la fauna.<\/li>\n<li>A nivel nacional, el MAE ha rescatado ejemplares de fauna amenazada como el c\u00f3ndor, oso de anteojos, \u00e1guilas, y tigrillos entre otros. Estos animales han tenido la oportunidad de tener una mejor calidad de vida, e incluso se ha logrado su liberaci\u00f3n.. Sin embargo, solo el 1% de los animales silvestres decomisados, producto del tr\u00e1fico ilegal, son reinsertados en su h\u00e1bitat natural.<\/li>\n<li>Asimismo, ha evaluado a los Centros de Tenencia y Manejo de Fauna Silvestre en todo el pa\u00eds, con el fin de mejorar su manejo y salvaguardar la integridad de los espec\u00edmenes que acogen.<\/li>\n<li>A trav\u00e9s de acuerdos interinstitucionales, este Ministerio ejecuta una campa\u00f1a nacional\u00a0 de esterilizaciones a animales ferales (caninos y felinos), en comunidades de zonas de amortiguamiento a las \u00c1reas Protegidas. En ese sentido, se ha conformado el Grupo t\u00e9cnico asesor de Veterinarios especializados en fauna silvestre, a fin de respaldar las acciones t\u00e9cnicas del MAE en el campo de la medicina de la conservaci\u00f3n.<\/li>\n<li>Esta Cartera de Estado ha sancionado varios delitos en contra de la fauna silvestre y otros se hallan en procesos penales como administrativos.<\/li>\n<li>Se ha\u00a0 capacitado a funcionarios de las \u00a0FFAA, sobre conocimientos b\u00e1sicos en Vida Silvestre, pues tienen\u00a0 participaci\u00f3n activa en los operativos de control y rescate.<\/li>\n<\/ul>\n<ul style=\"text-align: justify;\">\n<li>El MAE tiene nueve estrategias de conservaci\u00f3n\u00a0 para especies silvestres amenazadas como el c\u00f3ndor, \u00e1guila arp\u00eda, tapir,\u00a0 oso de anteojos, el papagayo de Guayaquil, y el cocodrilo de la costa, entre otros.<\/li>\n<\/ul>\n<p style=\"text-align: justify;\">Animales rescatados por el MAE en 2013<\/p>\n<ul>\n<li style=\"text-align: justify;\"><b style=\"color: #000000; font-style: normal;\">Cuatro oseznos de anteojos.<\/b><\/li>\n<li style=\"text-align: justify;\"><b style=\"color: #000000; font-style: normal;\">Dos\u00a0 c\u00f3ndores. Uno rehabilitado y liberado.<\/b><\/li>\n<li style=\"text-align: justify;\"><b style=\"color: #000000; font-style: normal;\">7 000 animales silvestres se encuentran en cautiverio en 77 Centros de Tenencia y Manejo de Fauna Silvestre, evaluados este a\u00f1o.<\/b><\/li>\n<li style=\"text-align: justify;\">Un tapir de monta\u00f1a rescatado y en rehabilitaci\u00f3n para liberaci\u00f3n.<\/li>\n<li style=\"text-align: justify;\">28 alpacas y llamas machos esterilizados en el \u00c1rea Nacional de Recreaci\u00f3n el Boliche.<\/li>\n<li style=\"text-align: justify;\">Dos lobos de p\u00e1ramo rescatados y reubicados.<\/li>\n<li style=\"text-align: justify;\">900\u00a0 animales silvestres decomisados, producto del tr\u00e1fico ilegal<\/li>\n<\/ul>\n<p><a href=\"http:\/\/www.ambienteyenergia.gob.ec\/ambiente\/wp-content\/uploads\/2013\/11\/olinguito.jpg\"><img loading=\"lazy\" decoding=\"async\" class=\"aligncenter size-full wp-image-16420\" alt=\"olinguito\" src=\"http:\/\/www.ambienteyenergia.gob.ec\/ambiente\/wp-content\/uploads\/2013\/11\/olinguito.jpg\" width=\"670\" height=\"370\" srcset=\"https:\/\/www.ambienteyenergia.gob.ec\/ambiente\/wp-content\/uploads\/sites\/2\/2013\/11\/olinguito.jpg 670w, https:\/\/www.ambienteyenergia.gob.ec\/ambiente\/wp-content\/uploads\/sites\/2\/2013\/11\/olinguito-300x165.jpg 300w, https:\/\/www.ambienteyenergia.gob.ec\/ambiente\/wp-content\/uploads\/sites\/2\/2013\/11\/olinguito-500x276.jpg 500w\" sizes=\"auto, (max-width: 670px) 100vw, 670px\" \/><\/a><\/p>\n","protected":false},"excerpt":{"rendered":"<p class=\"excerpt\">\u201cLa grandeza de una naci\u00f3n y su progreso moral puede medirse por el trato que reciben los animales\u201d, Gandhi Del 4 al 10 de noviembre, con actividades l\u00fadico educativas de concienciaci\u00f3n y sensibilizaci\u00f3n, el Ministerio del Ambiente (MAE) celebrar\u00e1 la Semana del Animal, como parte de los\u00a0 esfuerzos que realiza para\u00a0 proteger a los animales, desde sus \u00e1mbitos de acci\u00f3n&hellip; <a href=\"https:\/\/www.ambienteyenergia.gob.ec\/ambiente\/mae-celebra-la-semana-del-animal\/\">Read more &rarr;<\/a><\/p>\n","protected":false},"author":13,"featured_media":16417,"comment_status":"open","ping_status":"open","sticky":false,"template":"","format":"standard","meta":{"footnotes":""},"categories":[16,4],"tags":[],"class_list":["post-16416","post","type-post","status-publish","format-standard","has-post-thumbnail","hentry","category-comunicamos","category-noticias","xfolkentry"],"_links":{"self":[{"href":"https:\/\/www.ambienteyenergia.gob.ec\/ambiente\/wp-json\/wp\/v2\/posts\/16416","targetHints":{"allow":["GET"]}}],"collection":[{"href":"https:\/\/www.ambienteyenergia.gob.ec\/ambiente\/wp-json\/wp\/v2\/posts"}],"about":[{"href":"https:\/\/www.ambienteyenergia.gob.ec\/ambiente\/wp-json\/wp\/v2\/types\/post"}],"author":[{"embeddable":true,"href":"https:\/\/www.ambienteyenergia.gob.ec\/ambiente\/wp-json\/wp\/v2\/users\/13"}],"replies":[{"embeddable":true,"href":"https:\/\/www.ambienteyenergia.gob.ec\/ambiente\/wp-json\/wp\/v2\/comments?post=16416"}],"version-history":[{"count":0,"href":"https:\/\/www.ambienteyenergia.gob.ec\/ambiente\/wp-json\/wp\/v2\/posts\/16416\/revisions"}],"wp:featuredmedia":[{"embeddable":true,"href":"https:\/\/www.ambienteyenergia.gob.ec\/ambiente\/wp-json\/wp\/v2\/media\/16417"}],"wp:attachment":[{"href":"https:\/\/www.ambienteyenergia.gob.ec\/ambiente\/wp-json\/wp\/v2\/media?parent=16416"}],"wp:term":[{"taxonomy":"category","embeddable":true,"href":"https:\/\/www.ambienteyenergia.gob.ec\/ambiente\/wp-json\/wp\/v2\/categories?post=16416"},{"taxonomy":"post_tag","embeddable":true,"href":"https:\/\/www.ambienteyenergia.gob.ec\/ambiente\/wp-json\/wp\/v2\/tags?post=16416"}],"curies":[{"name":"wp","href":"https:\/\/api.w.org\/{rel}","templated":true}]}}