{"id":16411,"date":"2013-11-05T08:36:09","date_gmt":"2013-11-05T13:36:09","guid":{"rendered":"http:\/\/www.ambiente.gob.ec\/?p=16411"},"modified":"2013-11-05T14:46:31","modified_gmt":"2013-11-05T19:46:31","slug":"mae-realizo-muestreo-en-el-rio-pove-en-santo-domingo-de-los-tsachilas","status":"publish","type":"post","link":"https:\/\/www.ambienteyenergia.gob.ec\/ambiente\/mae-realizo-muestreo-en-el-rio-pove-en-santo-domingo-de-los-tsachilas\/","title":{"rendered":"MAE realiz\u00f3 muestreo en el r\u00edo Pove en Santo Domingo de los Ts\u00e1chilas"},"content":{"rendered":"<p style=\"text-align: justify;\">Ayer, el Ministerio del Ambiente (MAE), a trav\u00e9s de la Direcci\u00f3n Provincial de Santo Domingo de los Ts\u00e1chilas, realiz\u00f3 una inspecci\u00f3n y tom\u00f3 varias muestras de agua a lo largo del r\u00edo Pove, uno de los afluentes m\u00e1s importantes de la provincia, para constatar el grado de contaminaci\u00f3n consecuencia de las descargas directas que efect\u00faan diferentes sectores. El MAE junto con el laboratorio acreditado LASA recogi\u00f3 alrededor de dos muestras en cada punto de importancia.<\/p>\n<p style=\"text-align: justify;\">\u201cEsta iniciativa impulsada por el MAE busca realizar una caracterizaci\u00f3n de las descargas de los contaminantes en los r\u00edos para poder hacer un levantamiento de las zonas m\u00e1s afectadas y tomar medidas inmediatas\u201d, afirm\u00f3 Cristian Reyes, Director Provincial del Ambiente de Santo Domingo de los Ts\u00e1chilas.<\/p>\n<p style=\"text-align: justify;\">El recorrido de la Autoridad Ambiental inici\u00f3 en el nacimiento del r\u00edo, donde se observ\u00f3 a simple vista que no exist\u00eda un alto grado de contaminaci\u00f3n, pues se divisaron incluso alevines (peque\u00f1os peces en fase de larva), lo que es un indicador de que la calidad del agua en este punto no est\u00e1 afectada.<\/p>\n<p style=\"text-align: justify;\">\u201cEl r\u00edo en este sector parece no estar contaminado pero debemos esperar los resultados del laboratorio, pues con el an\u00e1lisis del resto de los par\u00e1metros, se podr\u00e1 conocer en qu\u00e9 condiciones est\u00e1 el agua\u201d, mencion\u00f3 Carlos Aguilar, operador t\u00e9cnico del laboratorio acreditado LASA.<\/p>\n<p style=\"text-align: justify;\">La jornada de trabajo continu\u00f3 en un peque\u00f1o estero que conecta con el r\u00edo Pove, en \u00e9ste se evidenci\u00f3 que el \u00edndice de ox\u00edgeno era bajo, por lo que presuntamente se puede suponer ya existe un grado de contaminaci\u00f3n.<\/p>\n<p style=\"text-align: justify;\">\u201cEn el muestreo efectuado en el portal del R\u00edo Pove pudimos notar que el agua cambia su olor y su color. Sin embargo, debemos esperar los resultados del laboratorio para poder dar un criterio t\u00e9cnico al respecto\u00bb, asegur\u00f3 Reyes.<\/p>\n<p style=\"text-align: justify;\">Luego del levantamiento de estas muestras, se definir\u00e1n los par\u00e1metros de los contaminantes que est\u00e1n presentes en los diferentes puntos y se podr\u00e1 determinar las causas de la degradaci\u00f3n que sufren los afluentes de la provincia. Adem\u00e1s, este recorrido ayudar\u00e1 a identificar a los actores de las descargas directas, lo que facultar\u00e1 el inicio de procesos administrativos para los responsables de la contaminaci\u00f3n.<\/p>\n<p style=\"text-align: justify;\">Los an\u00e1lisis que solicit\u00f3 el MAE para determinar la calidad del agua se basan, principalmente, en medir la carga org\u00e1nica de contaminantes. Cada par\u00e1metro solicitado tiene su t\u00e9cnica distinta y un tiempo de maduraci\u00f3n. En campo se hizo la medici\u00f3n de ph, temperatura y ox\u00edgeno disuelto, el resto de estudios son m\u00e1s complejos y necesitan hacerse en el laboratorio.<\/p>\n<p style=\"text-align: justify;\">\u201c\u00c9ste monitoreo de agua que se ejecut\u00f3 en distintos puntos del r\u00edo Pove fue para ver en qu\u00e9 condiciones se encuentra. Los resultados se los tendr\u00e1 en aproximadamente 10 d\u00edas laborables a partir de la toma de muestras\u201d, manifest\u00f3 Aguilar.<\/p>\n<p style=\"text-align: justify;\">Por su parte, el Gobernador Ts\u00e1chila, Gumercindo Aguavil, expres\u00f3 su preocupaci\u00f3n por este problema ambiental y ofreci\u00f3 todo su apoyo al MAE en esta labor. Asimismo, reiter\u00f3 que el inter\u00e9s de la nacionalidad Ts\u00e1chila es recuperar todos los r\u00edos que han estado contaminados fuertemente por aproximadamente 25 a\u00f1os.<\/p>\n<p style=\"text-align: justify;\">\u201cNuestra nacionalidad junto con el MAE realiza estas inspecciones y muestreos del agua, con el fin de que a futuro nuestros r\u00edos est\u00e9n limpios. Esperamos tener un excelente resultado y confiamos en que a trav\u00e9s del Ministerio del Ambiente lo vamos a lograr\u201d, declar\u00f3 <em>Aguavil<\/em>.<\/p>\n<p style=\"text-align: justify;\"><a href=\"http:\/\/www.flickr.com\/photos\/ministerioambienteecuador\/sets\/72157637346267093\/\">Fotograf\u00edas de Flickr<\/a><\/p>\n<p style=\"text-align: justify;\">\u00a0<a href=\"http:\/\/www.ambienteyenergia.gob.ec\/ambiente\/wp-content\/uploads\/2013\/11\/IMG_0077.jpg\"><img loading=\"lazy\" decoding=\"async\" class=\"aligncenter size-full wp-image-16413\" alt=\"MAE realiz\u00f3 muestreo en el r\u00edo Pove en Santo Domingo de los Ts\u00e1chilas\" src=\"http:\/\/www.ambienteyenergia.gob.ec\/ambiente\/wp-content\/uploads\/2013\/11\/IMG_0077.jpg\" width=\"650\" height=\"433\" srcset=\"https:\/\/www.ambienteyenergia.gob.ec\/ambiente\/wp-content\/uploads\/sites\/2\/2013\/11\/IMG_0077.jpg 650w, https:\/\/www.ambienteyenergia.gob.ec\/ambiente\/wp-content\/uploads\/sites\/2\/2013\/11\/IMG_0077-300x199.jpg 300w, https:\/\/www.ambienteyenergia.gob.ec\/ambiente\/wp-content\/uploads\/sites\/2\/2013\/11\/IMG_0077-450x300.jpg 450w\" sizes=\"auto, (max-width: 650px) 100vw, 650px\" \/><\/a><\/p>\n","protected":false},"excerpt":{"rendered":"<p class=\"excerpt\">Ayer, el Ministerio del Ambiente (MAE), a trav\u00e9s de la Direcci\u00f3n Provincial de Santo Domingo de los Ts\u00e1chilas, realiz\u00f3 una inspecci\u00f3n y tom\u00f3 varias muestras de agua a lo largo del r\u00edo Pove, uno de los afluentes m\u00e1s importantes de la provincia, para constatar el grado de contaminaci\u00f3n consecuencia de las descargas directas que efect\u00faan diferentes sectores. El MAE junto&hellip; <a href=\"https:\/\/www.ambienteyenergia.gob.ec\/ambiente\/mae-realizo-muestreo-en-el-rio-pove-en-santo-domingo-de-los-tsachilas\/\">Read more &rarr;<\/a><\/p>\n","protected":false},"author":13,"featured_media":16412,"comment_status":"open","ping_status":"open","sticky":false,"template":"","format":"standard","meta":{"footnotes":""},"categories":[16,4,10],"tags":[],"class_list":["post-16411","post","type-post","status-publish","format-standard","has-post-thumbnail","hentry","category-comunicamos","category-noticias","category-noticias-destacadas","xfolkentry"],"_links":{"self":[{"href":"https:\/\/www.ambienteyenergia.gob.ec\/ambiente\/wp-json\/wp\/v2\/posts\/16411","targetHints":{"allow":["GET"]}}],"collection":[{"href":"https:\/\/www.ambienteyenergia.gob.ec\/ambiente\/wp-json\/wp\/v2\/posts"}],"about":[{"href":"https:\/\/www.ambienteyenergia.gob.ec\/ambiente\/wp-json\/wp\/v2\/types\/post"}],"author":[{"embeddable":true,"href":"https:\/\/www.ambienteyenergia.gob.ec\/ambiente\/wp-json\/wp\/v2\/users\/13"}],"replies":[{"embeddable":true,"href":"https:\/\/www.ambienteyenergia.gob.ec\/ambiente\/wp-json\/wp\/v2\/comments?post=16411"}],"version-history":[{"count":0,"href":"https:\/\/www.ambienteyenergia.gob.ec\/ambiente\/wp-json\/wp\/v2\/posts\/16411\/revisions"}],"wp:featuredmedia":[{"embeddable":true,"href":"https:\/\/www.ambienteyenergia.gob.ec\/ambiente\/wp-json\/wp\/v2\/media\/16412"}],"wp:attachment":[{"href":"https:\/\/www.ambienteyenergia.gob.ec\/ambiente\/wp-json\/wp\/v2\/media?parent=16411"}],"wp:term":[{"taxonomy":"category","embeddable":true,"href":"https:\/\/www.ambienteyenergia.gob.ec\/ambiente\/wp-json\/wp\/v2\/categories?post=16411"},{"taxonomy":"post_tag","embeddable":true,"href":"https:\/\/www.ambienteyenergia.gob.ec\/ambiente\/wp-json\/wp\/v2\/tags?post=16411"}],"curies":[{"name":"wp","href":"https:\/\/api.w.org\/{rel}","templated":true}]}}